{"id":34423,"date":"2025-09-16T19:39:45","date_gmt":"2025-09-16T17:39:45","guid":{"rendered":"https:\/\/kantajaunari.eus\/?p=34423"},"modified":"2025-10-03T19:52:00","modified_gmt":"2025-10-03T17:52:00","slug":"ahetze-2026-voix-par-voix","status":"publish","type":"post","link":"https:\/\/kantajaunari.eus\/fr\/2025\/09\/ahetze-2026-voix-par-voix\/","title":{"rendered":"Ahetze 2026 : voix par voix"},"content":{"rendered":"\n<p>Le prochain rassemblement des chorales paroissiales du Pays Basque aura lieu en l\u2019\u00e9glise d\u2019Ahetze le dimanche 3 mai 2026.<\/p>\n\n\n\n<p><a href=\"https:\/\/kantajaunari.eus\/wp-content\/uploads\/2025\/09\/Kanta-Jaunari-2026-Ahetze-egitaraua.pdf\"><strong>Programme et dates des r\u00e9p\u00e9titions g\u00e9n\u00e9rales en cliquant ici.<\/strong><\/a><\/p>\n\n\n\n<p>Pour l\u2019apprentissage, voix par voix, voir les liens ci-dessous.<\/p>\n\n\n\n<p><strong>PIZTU DA JAUNA EGIAZ I 54<\/strong><br>Soprani<\/p>\n\n\n\n<figure class=\"wp-block-audio\"><audio controls src=\"https:\/\/kantajaunari.eus\/wp-content\/uploads\/2025\/09\/01-Piztu-da-Jauna-I-54-Soprano.mp3\"><\/audio><\/figure>\n\n\n\n<p>Alti<\/p>\n\n\n\n<figure class=\"wp-block-audio\"><audio controls src=\"https:\/\/kantajaunari.eus\/wp-content\/uploads\/2025\/09\/02-Piztu-da-Jauna-I-54-Alto.mp3\"><\/audio><\/figure>\n\n\n\n<p>Tenor<\/p>\n\n\n\n<figure class=\"wp-block-audio\"><audio controls src=\"https:\/\/kantajaunari.eus\/wp-content\/uploads\/2025\/09\/03-Piztu-da-Jauna-I-54-Tenor.mp3\"><\/audio><\/figure>\n\n\n\n<p>Basse<\/p>\n\n\n\n<figure class=\"wp-block-audio\"><audio controls src=\"https:\/\/kantajaunari.eus\/wp-content\/uploads\/2025\/09\/04-Piztu-da-Jauna-I-54-Basse.mp3\"><\/audio><\/figure>\n\n\n\n<p>Korua<\/p>\n\n\n\n<figure class=\"wp-block-audio\"><audio controls src=\"https:\/\/kantajaunari.eus\/wp-content\/uploads\/2025\/09\/05-Piztu-da-Jauna-I-54-Choeur.mp3\"><\/audio><\/figure>\n\n\n\n<p><\/p>\n\n\n\n<p><strong>IKUSI DUT UR BIZIA I 49-1<\/strong><\/p>\n\n\n\n<p>Solo &#8211; Koru ttipia<\/p>\n\n\n\n<figure class=\"wp-block-audio\"><audio controls src=\"https:\/\/kantajaunari.eus\/wp-content\/uploads\/2025\/09\/06-Ikusi-dut-ur-bizia-I-49-1.Solo-ou-petit-choeur.mp3\"><\/audio><\/figure>\n\n\n\n<p>Soprani<\/p>\n\n\n\n<figure class=\"wp-block-audio\"><audio controls src=\"https:\/\/kantajaunari.eus\/wp-content\/uploads\/2025\/09\/07-Ikusi-dut-ur-bizia-I-49-1.Soprano.mp3\"><\/audio><\/figure>\n\n\n\n<p>Alti<\/p>\n\n\n\n<figure class=\"wp-block-audio\"><audio controls src=\"https:\/\/kantajaunari.eus\/wp-content\/uploads\/2025\/09\/08-Ikusi-dut-ur-bizia-I-49-1.Alto.mp3\"><\/audio><\/figure>\n\n\n\n<p>Tenor<\/p>\n\n\n\n<figure class=\"wp-block-audio\"><audio controls src=\"https:\/\/kantajaunari.eus\/wp-content\/uploads\/2025\/09\/09-Ikusi-dut-ur-bizia-I-49-1.Tenor.mp3\"><\/audio><\/figure>\n\n\n\n<p>Basse<\/p>\n\n\n\n<figure class=\"wp-block-audio\"><audio controls src=\"https:\/\/kantajaunari.eus\/wp-content\/uploads\/2025\/09\/10-Ikusi-dut-ur-bizia-I-49-1.Basse.mp3\"><\/audio><\/figure>\n\n\n\n<p>Korua<\/p>\n\n\n\n<figure class=\"wp-block-audio\"><audio controls src=\"https:\/\/kantajaunari.eus\/wp-content\/uploads\/2025\/09\/11-Ikusi-dut-ur-bizia-I-49-1.Choeur.mp3\"><\/audio><\/figure>\n\n\n\n<p><\/p>\n\n\n\n<p><strong>AINTZA ZERUETAN A 8<\/strong><\/p>\n\n\n\n<p>Emaztek<\/p>\n\n\n\n<figure class=\"wp-block-audio\"><audio controls src=\"https:\/\/kantajaunari.eus\/wp-content\/uploads\/2025\/10\/12a-Aintza-zeruetan-A-8-emaztek.mp3\"><\/audio><\/figure>\n\n\n\n<p>Gizonek<\/p>\n\n\n\n<figure class=\"wp-block-audio\"><audio controls src=\"https:\/\/kantajaunari.eus\/wp-content\/uploads\/2025\/10\/12b-Aintza-zeruetan-A-8-gizonek.mp3\"><\/audio><\/figure>\n\n\n\n<p>Korua-choeur<\/p>\n\n\n\n<figure class=\"wp-block-audio\"><audio controls src=\"https:\/\/kantajaunari.eus\/wp-content\/uploads\/2025\/10\/12c-Aintza-zeruetan-A-8-choeur.mp3\"><\/audio><\/figure>\n\n\n\n<p><strong>32. SALMOA<\/strong><\/p>\n\n\n\n<p>Soprani &#8211; Tenor<\/p>\n\n\n\n<figure class=\"wp-block-audio\"><audio controls src=\"https:\/\/kantajaunari.eus\/wp-content\/uploads\/2025\/09\/13-32.Salmoa.S-T.mp3\"><\/audio><\/figure>\n\n\n\n<p>Alti &#8211; Basse<\/p>\n\n\n\n<figure class=\"wp-block-audio\"><audio controls src=\"https:\/\/kantajaunari.eus\/wp-content\/uploads\/2025\/09\/14-32.Salmoa.A-B.mp3\"><\/audio><\/figure>\n\n\n\n<p>Korua<\/p>\n\n\n\n<figure class=\"wp-block-audio\"><audio controls src=\"https:\/\/kantajaunari.eus\/wp-content\/uploads\/2025\/09\/15-32.Salmoa.Choeur.mp3\"><\/audio><\/figure>\n\n\n\n<p><\/p>\n\n\n\n<p><strong>ALLELUIA A 102<\/strong><br>Soprani<\/p>\n\n\n\n<figure class=\"wp-block-audio\"><audio controls src=\"https:\/\/kantajaunari.eus\/wp-content\/uploads\/2025\/10\/16-Alleluia-A-102-Soprano.mp3\"><\/audio><\/figure>\n\n\n\n<p>Soprani 1<\/p>\n\n\n\n<figure class=\"wp-block-audio\"><audio controls src=\"https:\/\/kantajaunari.eus\/wp-content\/uploads\/2025\/09\/17-Alleluia-A-102-Soprano-1.mp3\"><\/audio><\/figure>\n\n\n\n<p>Alti<\/p>\n\n\n\n<figure class=\"wp-block-audio\"><audio controls src=\"https:\/\/kantajaunari.eus\/wp-content\/uploads\/2025\/09\/18-Alleluia-A-102-Alto.mp3\"><\/audio><\/figure>\n\n\n\n<p>Tenor<\/p>\n\n\n\n<figure class=\"wp-block-audio\"><audio controls src=\"https:\/\/kantajaunari.eus\/wp-content\/uploads\/2025\/09\/19-Alleluia-A-102-Tenor.mp3\"><\/audio><\/figure>\n\n\n\n<p>Basse<\/p>\n\n\n\n<figure class=\"wp-block-audio\"><audio controls src=\"https:\/\/kantajaunari.eus\/wp-content\/uploads\/2025\/09\/20-Alleluia-A-102-Basse.mp3\"><\/audio><\/figure>\n\n\n\n<p>Korua<\/p>\n\n\n\n<figure class=\"wp-block-audio\"><audio controls src=\"https:\/\/kantajaunari.eus\/wp-content\/uploads\/2025\/10\/21-Alleluia-A-102-choeur.mp3\"><\/audio><\/figure>\n\n\n\n<p><\/p>\n\n\n\n<p><strong>SINESTEN DUT A 64<\/strong> (grabaketa Hazparne 1999)<\/p>\n\n\n\n<figure class=\"wp-block-audio\"><audio controls src=\"https:\/\/kantajaunari.eus\/wp-content\/uploads\/2025\/09\/22-Sinesten-dut-A-64-Hazparne-1999.mp3\"><\/audio><\/figure>\n\n\n\n<p><\/p>\n\n\n\n<p><strong>FEDEDUNEN OTOITZA Y 2-10 : Kristo hilen artetik piztua, entzun gure otoitza.<\/strong><br>Soprani<\/p>\n\n\n\n<figure class=\"wp-block-audio\"><audio controls src=\"https:\/\/kantajaunari.eus\/wp-content\/uploads\/2025\/09\/23-Kristo-hilen-artetik-piztua.-Soprano.mp3\"><\/audio><\/figure>\n\n\n\n<p>Alti<\/p>\n\n\n\n<figure class=\"wp-block-audio\"><audio controls src=\"https:\/\/kantajaunari.eus\/wp-content\/uploads\/2025\/09\/24-Kristo-hilen-artetik-piztua.-Alto.mp3\"><\/audio><\/figure>\n\n\n\n<p>Tenor<\/p>\n\n\n\n<figure class=\"wp-block-audio\"><audio controls src=\"https:\/\/kantajaunari.eus\/wp-content\/uploads\/2025\/09\/25-Kristo-hilen-artetik-piztua.Tenor.mp3\"><\/audio><\/figure>\n\n\n\n<p>Basse<\/p>\n\n\n\n<figure class=\"wp-block-audio\"><audio controls src=\"https:\/\/kantajaunari.eus\/wp-content\/uploads\/2025\/09\/26-Kristo-hilen-artetik-piztua.-Basse.mp3\"><\/audio><\/figure>\n\n\n\n<p><\/p>\n\n\n\n<p><strong>BAZKO MAHAIN XURI B 23-1<\/strong><br>Soprani<\/p>\n\n\n\n<figure class=\"wp-block-audio\"><audio controls src=\"https:\/\/kantajaunari.eus\/wp-content\/uploads\/2025\/09\/27-Bazko-mahain-xuri-B-23.Soprani.mp3\"><\/audio><\/figure>\n\n\n\n<p>Alti<\/p>\n\n\n\n<figure class=\"wp-block-audio\"><audio controls src=\"https:\/\/kantajaunari.eus\/wp-content\/uploads\/2025\/09\/28-Bazko-mahain-xuri-B-23.Alto.mp3\"><\/audio><\/figure>\n\n\n\n<p>Tenor<\/p>\n\n\n\n<figure class=\"wp-block-audio\"><audio controls src=\"https:\/\/kantajaunari.eus\/wp-content\/uploads\/2025\/09\/29-Bazko-mahain-xuri-B-23.Tenor.mp3\"><\/audio><\/figure>\n\n\n\n<p>Basse<\/p>\n\n\n\n<figure class=\"wp-block-audio\"><audio controls src=\"https:\/\/kantajaunari.eus\/wp-content\/uploads\/2025\/09\/30-Bazko-mahain-xuri-B-23.Basse.mp3\"><\/audio><\/figure>\n\n\n\n<p>Korua<\/p>\n\n\n\n<figure class=\"wp-block-audio\"><audio controls src=\"https:\/\/kantajaunari.eus\/wp-content\/uploads\/2025\/09\/31-Bazko-mahain-xuri-B-23.Choeur.mp3\"><\/audio><\/figure>\n\n\n\n<p><\/p>\n\n\n\n<p><strong>SAINDU A 110<\/strong><br>Soprani<\/p>\n\n\n\n<figure class=\"wp-block-audio\"><audio controls src=\"https:\/\/kantajaunari.eus\/wp-content\/uploads\/2025\/09\/32-Saindu-A-110-Soprano.mp3\"><\/audio><\/figure>\n\n\n\n<p>Alti<\/p>\n\n\n\n<figure class=\"wp-block-audio\"><audio controls src=\"https:\/\/kantajaunari.eus\/wp-content\/uploads\/2025\/09\/33-Saindu-A-110-Alto.mp3\"><\/audio><\/figure>\n\n\n\n<p>Tenor-Basse<\/p>\n\n\n\n<figure class=\"wp-block-audio\"><audio controls src=\"https:\/\/kantajaunari.eus\/wp-content\/uploads\/2025\/09\/34-Saindu-A-110-Hommes.mp3\"><\/audio><\/figure>\n\n\n\n<p>Korua<\/p>\n\n\n\n<figure class=\"wp-block-audio\"><audio controls src=\"https:\/\/kantajaunari.eus\/wp-content\/uploads\/2025\/09\/35-Saindu-A-110-Choeur.mp3\"><\/audio><\/figure>\n\n\n\n<p><\/p>\n\n\n\n<p><strong>AINTZA ZURI JESUS C 44-1<\/strong><br>Soprani<\/p>\n\n\n\n<figure class=\"wp-block-audio\"><audio controls src=\"https:\/\/kantajaunari.eus\/wp-content\/uploads\/2025\/09\/36-Aintza-zuri-Jesus.Soprano.mp3\"><\/audio><\/figure>\n\n\n\n<p>Alti<\/p>\n\n\n\n<figure class=\"wp-block-audio\"><audio controls src=\"https:\/\/kantajaunari.eus\/wp-content\/uploads\/2025\/09\/37-Aintza-zuri-Jesus.Alto.mp3\"><\/audio><\/figure>\n\n\n\n<p>Tenor<\/p>\n\n\n\n<figure class=\"wp-block-audio\"><audio controls src=\"https:\/\/kantajaunari.eus\/wp-content\/uploads\/2025\/09\/38-Aintza-zuri-Jesus.Tenor.mp3\"><\/audio><\/figure>\n\n\n\n<p>Basse<\/p>\n\n\n\n<figure class=\"wp-block-audio\"><audio controls src=\"https:\/\/kantajaunari.eus\/wp-content\/uploads\/2025\/09\/39-Aintza-zuri-Jesus.Basse.mp3\"><\/audio><\/figure>\n\n\n\n<p>Korua<\/p>\n\n\n\n<figure class=\"wp-block-audio\"><audio controls src=\"https:\/\/kantajaunari.eus\/wp-content\/uploads\/2025\/09\/40-Aintza-zuri-Jesus.Choeur.mp3\"><\/audio><\/figure>\n\n\n\n<p><\/p>\n\n\n\n<p><strong>HUNEN BITARTEZ A 108<\/strong><br>Soprani<\/p>\n\n\n\n<figure class=\"wp-block-audio\"><audio controls src=\"https:\/\/kantajaunari.eus\/wp-content\/uploads\/2025\/10\/41-Hunen-bitartez-A-108.Soprano.mp3\"><\/audio><\/figure>\n\n\n\n<p>Alti<\/p>\n\n\n\n<figure class=\"wp-block-audio\"><audio controls src=\"https:\/\/kantajaunari.eus\/wp-content\/uploads\/2025\/10\/42-Hunen-bitartez-A-108.Alto.mp3\"><\/audio><\/figure>\n\n\n\n<p>Tenor<\/p>\n\n\n\n<figure class=\"wp-block-audio\"><audio controls src=\"https:\/\/kantajaunari.eus\/wp-content\/uploads\/2025\/10\/43-Hunen-bitartez-A-108.Tenor.mp3\"><\/audio><\/figure>\n\n\n\n<p>Basse<\/p>\n\n\n\n<figure class=\"wp-block-audio\"><audio controls src=\"https:\/\/kantajaunari.eus\/wp-content\/uploads\/2025\/10\/44-Hunen-bitartez-A-108.Basse.mp3\"><\/audio><\/figure>\n\n\n\n<p>Korua<\/p>\n\n\n\n<figure class=\"wp-block-audio\"><audio controls src=\"https:\/\/kantajaunari.eus\/wp-content\/uploads\/2025\/10\/45-Hunen-bitartez-A-108.Choeur.mp3\"><\/audio><\/figure>\n\n\n\n<p><\/p>\n\n\n\n<p><strong>GURE AITA A 8-4<\/strong><br>Soprani<\/p>\n\n\n\n<figure class=\"wp-block-audio\"><audio controls src=\"https:\/\/kantajaunari.eus\/wp-content\/uploads\/2025\/09\/46-Gure-Aita-A-8-4-Soprano.mp3\"><\/audio><\/figure>\n\n\n\n<p>Alti<\/p>\n\n\n\n<figure class=\"wp-block-audio\"><audio controls src=\"https:\/\/kantajaunari.eus\/wp-content\/uploads\/2025\/09\/47-Gure-Aita-A-8-4-Alto.mp3\"><\/audio><\/figure>\n\n\n\n<p>Tenor<\/p>\n\n\n\n<figure class=\"wp-block-audio\"><audio controls src=\"https:\/\/kantajaunari.eus\/wp-content\/uploads\/2025\/09\/48-Gure-Aita-A-8-4-Tenor.mp3\"><\/audio><\/figure>\n\n\n\n<p>Basse<\/p>\n\n\n\n<figure class=\"wp-block-audio\"><audio controls src=\"https:\/\/kantajaunari.eus\/wp-content\/uploads\/2025\/09\/49-Gure-Aita-A-8-4-Basse.mp3\"><\/audio><\/figure>\n\n\n\n<p>Korua<\/p>\n\n\n\n<figure class=\"wp-block-audio\"><audio controls src=\"https:\/\/kantajaunari.eus\/wp-content\/uploads\/2025\/09\/50-Gure-Aita-A-8-4-Choeur.mp3\"><\/audio><\/figure>\n\n\n\n<p><\/p>\n\n\n\n<p><strong>ATERA GAITZAZU JAUNA \u2013 ZUREA DUZU A 106<\/strong><br>Soprani<\/p>\n\n\n\n<figure class=\"wp-block-audio\"><audio controls src=\"https:\/\/kantajaunari.eus\/wp-content\/uploads\/2025\/09\/51-Atera-gaitzazu-A-106-Soprano.mp3\"><\/audio><\/figure>\n\n\n\n<p>Alti<\/p>\n\n\n\n<figure class=\"wp-block-audio\"><audio controls src=\"https:\/\/kantajaunari.eus\/wp-content\/uploads\/2025\/09\/52-Atera-gaitzazu-A-106-Alto.mp3\"><\/audio><\/figure>\n\n\n\n<p>Tenor<\/p>\n\n\n\n<figure class=\"wp-block-audio\"><audio controls src=\"https:\/\/kantajaunari.eus\/wp-content\/uploads\/2025\/09\/53-Atera-gaitzazu-A-106-Tenor.mp3\"><\/audio><\/figure>\n\n\n\n<p>Basse<\/p>\n\n\n\n<figure class=\"wp-block-audio\"><audio controls src=\"https:\/\/kantajaunari.eus\/wp-content\/uploads\/2025\/09\/54-Atera-gaitzazu-A-106-Basse.mp3\"><\/audio><\/figure>\n\n\n\n<p><\/p>\n\n\n\n<p><strong>JAINKOAREN BILDOTSA A 61-2<\/strong><\/p>\n\n\n\n<figure class=\"wp-block-audio\"><audio controls src=\"https:\/\/kantajaunari.eus\/wp-content\/uploads\/2025\/09\/55-Jainkoaren-Bildotsa-A-61-2.mp3\"><\/audio><\/figure>\n\n\n\n<p><\/p>\n\n\n\n<p><strong>OGI SAINDUAZ D 16-1<\/strong><br>Soprani<\/p>\n\n\n\n<figure class=\"wp-block-audio\"><audio controls src=\"https:\/\/kantajaunari.eus\/wp-content\/uploads\/2025\/09\/56-Ogi-sainduaz-D-16-1.Soprano.mp3\"><\/audio><\/figure>\n\n\n\n<p>Alti &#8211; Tenor<\/p>\n\n\n\n<figure class=\"wp-block-audio\"><audio controls src=\"https:\/\/kantajaunari.eus\/wp-content\/uploads\/2025\/09\/57-Ogi-sainduaz-D-16-1.Alto-Tenor.mp3\"><\/audio><\/figure>\n\n\n\n<p>Basse<\/p>\n\n\n\n<figure class=\"wp-block-audio\"><audio controls src=\"https:\/\/kantajaunari.eus\/wp-content\/uploads\/2025\/09\/58-Ogi-sainduaz-D-16-1.Basse.mp3\"><\/audio><\/figure>\n\n\n\n<p>Korua<\/p>\n\n\n\n<figure class=\"wp-block-audio\"><audio controls src=\"https:\/\/kantajaunari.eus\/wp-content\/uploads\/2025\/09\/59-Ogi-sainduaz-D-16-1.Choeur.mp3\"><\/audio><\/figure>\n\n\n\n<p><\/p>\n\n\n\n<p><strong>ILUNBETARIK I 9<\/strong><br>Soprani<\/p>\n\n\n\n<figure class=\"wp-block-audio\"><audio controls src=\"https:\/\/kantajaunari.eus\/wp-content\/uploads\/2025\/09\/60-Ilunbetarik-I9.Soprano.mp3\"><\/audio><\/figure>\n\n\n\n<p>Alti<\/p>\n\n\n\n<figure class=\"wp-block-audio\"><audio controls src=\"https:\/\/kantajaunari.eus\/wp-content\/uploads\/2025\/09\/61-Ilunbetarik-I9.Alto.mp3\"><\/audio><\/figure>\n\n\n\n<p>Tenor<\/p>\n\n\n\n<figure class=\"wp-block-audio\"><audio controls src=\"https:\/\/kantajaunari.eus\/wp-content\/uploads\/2025\/09\/62-Ilunbetarik-I9.Tenor.mp3\"><\/audio><\/figure>\n\n\n\n<p>Basse<\/p>\n\n\n\n<figure class=\"wp-block-audio\"><audio controls src=\"https:\/\/kantajaunari.eus\/wp-content\/uploads\/2025\/09\/63-Ilunbetarik-I9.Basse.mp3\"><\/audio><\/figure>\n\n\n\n<p>Korua<\/p>\n\n\n\n<figure class=\"wp-block-audio\"><audio controls src=\"https:\/\/kantajaunari.eus\/wp-content\/uploads\/2025\/09\/64-Ilunbetarik-I9.Choeur.mp3\"><\/audio><\/figure>\n\n\n\n<p><\/p>\n\n\n\n<p><strong>JESUS JAUNA HIL ETA PIZTU DA V 16<\/strong><br>Soprani<\/p>\n\n\n\n<figure class=\"wp-block-audio\"><audio controls src=\"https:\/\/kantajaunari.eus\/wp-content\/uploads\/2025\/10\/65-Jesus-Jauna-hil-eta-piztu-da-V16.Soprano.mp3\"><\/audio><\/figure>\n\n\n\n<p>Alti<\/p>\n\n\n\n<figure class=\"wp-block-audio\"><audio controls src=\"https:\/\/kantajaunari.eus\/wp-content\/uploads\/2025\/10\/66-Jesus-Jauna-hil-eta-piztu-da-V16.myr.Alto.mp3\"><\/audio><\/figure>\n\n\n\n<p>Tenor<\/p>\n\n\n\n<figure class=\"wp-block-audio\"><audio controls src=\"https:\/\/kantajaunari.eus\/wp-content\/uploads\/2025\/10\/67-Jesus-Jauna-hil-eta-piztu-da-V16.myr.Tenor.mp3\"><\/audio><\/figure>\n\n\n\n<p>Basse<\/p>\n\n\n\n<figure class=\"wp-block-audio\"><audio controls src=\"https:\/\/kantajaunari.eus\/wp-content\/uploads\/2025\/10\/68-Jesus-Jauna-hil-eta-piztu-da-V16.myr.Basse.mp3\"><\/audio><\/figure>\n\n\n\n<p>Korua<\/p>\n\n\n\n<figure class=\"wp-block-audio\"><audio controls src=\"https:\/\/kantajaunari.eus\/wp-content\/uploads\/2025\/10\/69-Jesus-Jauna-hil-eta-piztu-da-V16.myr.Choeur.mp3\"><\/audio><\/figure>\n\n\n\n<p><\/p>\n","protected":false},"excerpt":{"rendered":"<p>Le prochain rassemblement des chorales paroissiales du Pays Basque aura lieu en l\u2019\u00e9glise d\u2019Ahetze le dimanche 3 mai 2026. Programme et dates des r\u00e9p\u00e9titions g\u00e9n\u00e9rales en cliquant ici. Pour l\u2019apprentissage, voix par voix, voir les liens ci-dessous. PIZTU DA JAUNA EGIAZ I 54Soprani Alti Tenor Basse Korua IKUSI DUT UR BIZIA I 49-1 Solo &#8211; [&hellip;]<\/p>\n","protected":false},"author":2,"featured_media":34402,"comment_status":"closed","ping_status":"closed","sticky":false,"template":"","format":"standard","meta":{"_acf_changed":false,"advgb_blocks_editor_width":"","advgb_blocks_columns_visual_guide":"","footnotes":""},"categories":[31,22],"tags":[],"class_list":["post-34423","post","type-post","status-publish","format-standard","has-post-thumbnail","hentry","category-berriak","category-general-fr"],"acf":[],"yoast_head":"<!-- This site is optimized with the Yoast SEO plugin v27.5 - https:\/\/yoast.com\/product\/yoast-seo-wordpress\/ -->\n<title>Ahetze 2026 : voix par voix - Kanta Jaunari<\/title>\n<meta name=\"robots\" content=\"index, follow, max-snippet:-1, max-image-preview:large, max-video-preview:-1\" \/>\n<link rel=\"canonical\" href=\"https:\/\/kantajaunari.eus\/fr\/2025\/09\/ahetze-2026-voix-par-voix\/\" \/>\n<meta property=\"og:locale\" content=\"fr_FR\" \/>\n<meta property=\"og:type\" content=\"article\" \/>\n<meta property=\"og:title\" content=\"Ahetze 2026 : voix par voix - Kanta Jaunari\" \/>\n<meta property=\"og:description\" content=\"Le prochain rassemblement des chorales paroissiales du Pays Basque aura lieu en l\u2019\u00e9glise d\u2019Ahetze le dimanche 3 mai 2026. Programme et dates des r\u00e9p\u00e9titions g\u00e9n\u00e9rales en cliquant ici. Pour l\u2019apprentissage, voix par voix, voir les liens ci-dessous. PIZTU DA JAUNA EGIAZ I 54Soprani Alti Tenor Basse Korua IKUSI DUT UR BIZIA I 49-1 Solo &#8211; [&hellip;]\" \/>\n<meta property=\"og:url\" content=\"https:\/\/kantajaunari.eus\/fr\/2025\/09\/ahetze-2026-voix-par-voix\/\" \/>\n<meta property=\"og:site_name\" content=\"Kanta Jaunari\" \/>\n<meta property=\"article:published_time\" content=\"2025-09-16T17:39:45+00:00\" \/>\n<meta property=\"article:modified_time\" content=\"2025-10-03T17:52:00+00:00\" \/>\n<meta property=\"og:image\" content=\"https:\/\/kantajaunari.eus\/wp-content\/uploads\/2025\/09\/Kanta-Jaunari-Ahetze-AZALA-scaled-e1758043495909.jpg\" \/>\n\t<meta property=\"og:image:width\" content=\"1810\" \/>\n\t<meta property=\"og:image:height\" content=\"2560\" \/>\n\t<meta property=\"og:image:type\" content=\"image\/jpeg\" \/>\n<meta name=\"author\" content=\"Alexandre\" \/>\n<meta name=\"twitter:card\" content=\"summary_large_image\" \/>\n<meta name=\"twitter:label1\" content=\"\u00c9crit par\" \/>\n\t<meta name=\"twitter:data1\" content=\"Alexandre\" \/>\n\t<meta name=\"twitter:label2\" content=\"Dur\u00e9e de lecture estim\u00e9e\" \/>\n\t<meta name=\"twitter:data2\" content=\"2 minutes\" \/>\n<script type=\"application\/ld+json\" class=\"yoast-schema-graph\">{\"@context\":\"https:\\\/\\\/schema.org\",\"@graph\":[{\"@type\":\"Article\",\"@id\":\"https:\\\/\\\/kantajaunari.eus\\\/fr\\\/2025\\\/09\\\/ahetze-2026-voix-par-voix\\\/#article\",\"isPartOf\":{\"@id\":\"https:\\\/\\\/kantajaunari.eus\\\/fr\\\/2025\\\/09\\\/ahetze-2026-voix-par-voix\\\/\"},\"author\":{\"name\":\"Alexandre\",\"@id\":\"https:\\\/\\\/kantajaunari.eus\\\/fr\\\/#\\\/schema\\\/person\\\/daf786d123d1251b0b8fa97f2f585a30\"},\"headline\":\"Ahetze 2026 : voix par voix\",\"datePublished\":\"2025-09-16T17:39:45+00:00\",\"dateModified\":\"2025-10-03T17:52:00+00:00\",\"mainEntityOfPage\":{\"@id\":\"https:\\\/\\\/kantajaunari.eus\\\/fr\\\/2025\\\/09\\\/ahetze-2026-voix-par-voix\\\/\"},\"wordCount\":199,\"image\":{\"@id\":\"https:\\\/\\\/kantajaunari.eus\\\/fr\\\/2025\\\/09\\\/ahetze-2026-voix-par-voix\\\/#primaryimage\"},\"thumbnailUrl\":\"https:\\\/\\\/kantajaunari.eus\\\/wp-content\\\/uploads\\\/2025\\\/09\\\/Kanta-Jaunari-Ahetze-AZALA-scaled-e1758043495909.jpg\",\"articleSection\":[\"Berriak\",\"G\u00e9n\u00e9ral\"],\"inLanguage\":\"fr-FR\"},{\"@type\":\"WebPage\",\"@id\":\"https:\\\/\\\/kantajaunari.eus\\\/fr\\\/2025\\\/09\\\/ahetze-2026-voix-par-voix\\\/\",\"url\":\"https:\\\/\\\/kantajaunari.eus\\\/fr\\\/2025\\\/09\\\/ahetze-2026-voix-par-voix\\\/\",\"name\":\"Ahetze 2026 : voix par voix - Kanta Jaunari\",\"isPartOf\":{\"@id\":\"https:\\\/\\\/kantajaunari.eus\\\/fr\\\/#website\"},\"primaryImageOfPage\":{\"@id\":\"https:\\\/\\\/kantajaunari.eus\\\/fr\\\/2025\\\/09\\\/ahetze-2026-voix-par-voix\\\/#primaryimage\"},\"image\":{\"@id\":\"https:\\\/\\\/kantajaunari.eus\\\/fr\\\/2025\\\/09\\\/ahetze-2026-voix-par-voix\\\/#primaryimage\"},\"thumbnailUrl\":\"https:\\\/\\\/kantajaunari.eus\\\/wp-content\\\/uploads\\\/2025\\\/09\\\/Kanta-Jaunari-Ahetze-AZALA-scaled-e1758043495909.jpg\",\"datePublished\":\"2025-09-16T17:39:45+00:00\",\"dateModified\":\"2025-10-03T17:52:00+00:00\",\"author\":{\"@id\":\"https:\\\/\\\/kantajaunari.eus\\\/fr\\\/#\\\/schema\\\/person\\\/daf786d123d1251b0b8fa97f2f585a30\"},\"breadcrumb\":{\"@id\":\"https:\\\/\\\/kantajaunari.eus\\\/fr\\\/2025\\\/09\\\/ahetze-2026-voix-par-voix\\\/#breadcrumb\"},\"inLanguage\":\"fr-FR\",\"potentialAction\":[{\"@type\":\"ReadAction\",\"target\":[\"https:\\\/\\\/kantajaunari.eus\\\/fr\\\/2025\\\/09\\\/ahetze-2026-voix-par-voix\\\/\"]}]},{\"@type\":\"ImageObject\",\"inLanguage\":\"fr-FR\",\"@id\":\"https:\\\/\\\/kantajaunari.eus\\\/fr\\\/2025\\\/09\\\/ahetze-2026-voix-par-voix\\\/#primaryimage\",\"url\":\"https:\\\/\\\/kantajaunari.eus\\\/wp-content\\\/uploads\\\/2025\\\/09\\\/Kanta-Jaunari-Ahetze-AZALA-scaled-e1758043495909.jpg\",\"contentUrl\":\"https:\\\/\\\/kantajaunari.eus\\\/wp-content\\\/uploads\\\/2025\\\/09\\\/Kanta-Jaunari-Ahetze-AZALA-scaled-e1758043495909.jpg\",\"width\":1810,\"height\":2560},{\"@type\":\"BreadcrumbList\",\"@id\":\"https:\\\/\\\/kantajaunari.eus\\\/fr\\\/2025\\\/09\\\/ahetze-2026-voix-par-voix\\\/#breadcrumb\",\"itemListElement\":[{\"@type\":\"ListItem\",\"position\":1,\"name\":\"Accueil\",\"item\":\"https:\\\/\\\/kantajaunari.eus\\\/fr\\\/\"},{\"@type\":\"ListItem\",\"position\":2,\"name\":\"Ahetze 2026 : voix par voix\"}]},{\"@type\":\"WebSite\",\"@id\":\"https:\\\/\\\/kantajaunari.eus\\\/fr\\\/#website\",\"url\":\"https:\\\/\\\/kantajaunari.eus\\\/fr\\\/\",\"name\":\"Kanta Jaunari\",\"description\":\"\",\"potentialAction\":[{\"@type\":\"SearchAction\",\"target\":{\"@type\":\"EntryPoint\",\"urlTemplate\":\"https:\\\/\\\/kantajaunari.eus\\\/fr\\\/?s={search_term_string}\"},\"query-input\":{\"@type\":\"PropertyValueSpecification\",\"valueRequired\":true,\"valueName\":\"search_term_string\"}}],\"inLanguage\":\"fr-FR\"},{\"@type\":\"Person\",\"@id\":\"https:\\\/\\\/kantajaunari.eus\\\/fr\\\/#\\\/schema\\\/person\\\/daf786d123d1251b0b8fa97f2f585a30\",\"name\":\"Alexandre\",\"image\":{\"@type\":\"ImageObject\",\"inLanguage\":\"fr-FR\",\"@id\":\"https:\\\/\\\/secure.gravatar.com\\\/avatar\\\/f52ae1e8bac79d8f3aeb6c3ae7905adc799e851bc1d7f3be0f3dfbf8df07dc40?s=96&d=mm&r=g\",\"url\":\"https:\\\/\\\/secure.gravatar.com\\\/avatar\\\/f52ae1e8bac79d8f3aeb6c3ae7905adc799e851bc1d7f3be0f3dfbf8df07dc40?s=96&d=mm&r=g\",\"contentUrl\":\"https:\\\/\\\/secure.gravatar.com\\\/avatar\\\/f52ae1e8bac79d8f3aeb6c3ae7905adc799e851bc1d7f3be0f3dfbf8df07dc40?s=96&d=mm&r=g\",\"caption\":\"Alexandre\"},\"url\":\"https:\\\/\\\/kantajaunari.eus\\\/fr\\\/author\\\/alexandre\\\/\"}]}<\/script>\n<!-- \/ Yoast SEO plugin. -->","yoast_head_json":{"title":"Ahetze 2026 : voix par voix - Kanta Jaunari","robots":{"index":"index","follow":"follow","max-snippet":"max-snippet:-1","max-image-preview":"max-image-preview:large","max-video-preview":"max-video-preview:-1"},"canonical":"https:\/\/kantajaunari.eus\/fr\/2025\/09\/ahetze-2026-voix-par-voix\/","og_locale":"fr_FR","og_type":"article","og_title":"Ahetze 2026 : voix par voix - Kanta Jaunari","og_description":"Le prochain rassemblement des chorales paroissiales du Pays Basque aura lieu en l\u2019\u00e9glise d\u2019Ahetze le dimanche 3 mai 2026. Programme et dates des r\u00e9p\u00e9titions g\u00e9n\u00e9rales en cliquant ici. Pour l\u2019apprentissage, voix par voix, voir les liens ci-dessous. PIZTU DA JAUNA EGIAZ I 54Soprani Alti Tenor Basse Korua IKUSI DUT UR BIZIA I 49-1 Solo &#8211; [&hellip;]","og_url":"https:\/\/kantajaunari.eus\/fr\/2025\/09\/ahetze-2026-voix-par-voix\/","og_site_name":"Kanta Jaunari","article_published_time":"2025-09-16T17:39:45+00:00","article_modified_time":"2025-10-03T17:52:00+00:00","og_image":[{"width":1810,"height":2560,"url":"https:\/\/kantajaunari.eus\/wp-content\/uploads\/2025\/09\/Kanta-Jaunari-Ahetze-AZALA-scaled-e1758043495909.jpg","type":"image\/jpeg"}],"author":"Alexandre","twitter_card":"summary_large_image","twitter_misc":{"\u00c9crit par":"Alexandre","Dur\u00e9e de lecture estim\u00e9e":"2 minutes"},"schema":{"@context":"https:\/\/schema.org","@graph":[{"@type":"Article","@id":"https:\/\/kantajaunari.eus\/fr\/2025\/09\/ahetze-2026-voix-par-voix\/#article","isPartOf":{"@id":"https:\/\/kantajaunari.eus\/fr\/2025\/09\/ahetze-2026-voix-par-voix\/"},"author":{"name":"Alexandre","@id":"https:\/\/kantajaunari.eus\/fr\/#\/schema\/person\/daf786d123d1251b0b8fa97f2f585a30"},"headline":"Ahetze 2026 : voix par voix","datePublished":"2025-09-16T17:39:45+00:00","dateModified":"2025-10-03T17:52:00+00:00","mainEntityOfPage":{"@id":"https:\/\/kantajaunari.eus\/fr\/2025\/09\/ahetze-2026-voix-par-voix\/"},"wordCount":199,"image":{"@id":"https:\/\/kantajaunari.eus\/fr\/2025\/09\/ahetze-2026-voix-par-voix\/#primaryimage"},"thumbnailUrl":"https:\/\/kantajaunari.eus\/wp-content\/uploads\/2025\/09\/Kanta-Jaunari-Ahetze-AZALA-scaled-e1758043495909.jpg","articleSection":["Berriak","G\u00e9n\u00e9ral"],"inLanguage":"fr-FR"},{"@type":"WebPage","@id":"https:\/\/kantajaunari.eus\/fr\/2025\/09\/ahetze-2026-voix-par-voix\/","url":"https:\/\/kantajaunari.eus\/fr\/2025\/09\/ahetze-2026-voix-par-voix\/","name":"Ahetze 2026 : voix par voix - Kanta Jaunari","isPartOf":{"@id":"https:\/\/kantajaunari.eus\/fr\/#website"},"primaryImageOfPage":{"@id":"https:\/\/kantajaunari.eus\/fr\/2025\/09\/ahetze-2026-voix-par-voix\/#primaryimage"},"image":{"@id":"https:\/\/kantajaunari.eus\/fr\/2025\/09\/ahetze-2026-voix-par-voix\/#primaryimage"},"thumbnailUrl":"https:\/\/kantajaunari.eus\/wp-content\/uploads\/2025\/09\/Kanta-Jaunari-Ahetze-AZALA-scaled-e1758043495909.jpg","datePublished":"2025-09-16T17:39:45+00:00","dateModified":"2025-10-03T17:52:00+00:00","author":{"@id":"https:\/\/kantajaunari.eus\/fr\/#\/schema\/person\/daf786d123d1251b0b8fa97f2f585a30"},"breadcrumb":{"@id":"https:\/\/kantajaunari.eus\/fr\/2025\/09\/ahetze-2026-voix-par-voix\/#breadcrumb"},"inLanguage":"fr-FR","potentialAction":[{"@type":"ReadAction","target":["https:\/\/kantajaunari.eus\/fr\/2025\/09\/ahetze-2026-voix-par-voix\/"]}]},{"@type":"ImageObject","inLanguage":"fr-FR","@id":"https:\/\/kantajaunari.eus\/fr\/2025\/09\/ahetze-2026-voix-par-voix\/#primaryimage","url":"https:\/\/kantajaunari.eus\/wp-content\/uploads\/2025\/09\/Kanta-Jaunari-Ahetze-AZALA-scaled-e1758043495909.jpg","contentUrl":"https:\/\/kantajaunari.eus\/wp-content\/uploads\/2025\/09\/Kanta-Jaunari-Ahetze-AZALA-scaled-e1758043495909.jpg","width":1810,"height":2560},{"@type":"BreadcrumbList","@id":"https:\/\/kantajaunari.eus\/fr\/2025\/09\/ahetze-2026-voix-par-voix\/#breadcrumb","itemListElement":[{"@type":"ListItem","position":1,"name":"Accueil","item":"https:\/\/kantajaunari.eus\/fr\/"},{"@type":"ListItem","position":2,"name":"Ahetze 2026 : voix par voix"}]},{"@type":"WebSite","@id":"https:\/\/kantajaunari.eus\/fr\/#website","url":"https:\/\/kantajaunari.eus\/fr\/","name":"Kanta Jaunari","description":"","potentialAction":[{"@type":"SearchAction","target":{"@type":"EntryPoint","urlTemplate":"https:\/\/kantajaunari.eus\/fr\/?s={search_term_string}"},"query-input":{"@type":"PropertyValueSpecification","valueRequired":true,"valueName":"search_term_string"}}],"inLanguage":"fr-FR"},{"@type":"Person","@id":"https:\/\/kantajaunari.eus\/fr\/#\/schema\/person\/daf786d123d1251b0b8fa97f2f585a30","name":"Alexandre","image":{"@type":"ImageObject","inLanguage":"fr-FR","@id":"https:\/\/secure.gravatar.com\/avatar\/f52ae1e8bac79d8f3aeb6c3ae7905adc799e851bc1d7f3be0f3dfbf8df07dc40?s=96&d=mm&r=g","url":"https:\/\/secure.gravatar.com\/avatar\/f52ae1e8bac79d8f3aeb6c3ae7905adc799e851bc1d7f3be0f3dfbf8df07dc40?s=96&d=mm&r=g","contentUrl":"https:\/\/secure.gravatar.com\/avatar\/f52ae1e8bac79d8f3aeb6c3ae7905adc799e851bc1d7f3be0f3dfbf8df07dc40?s=96&d=mm&r=g","caption":"Alexandre"},"url":"https:\/\/kantajaunari.eus\/fr\/author\/alexandre\/"}]}},"author_meta":{"display_name":"Alexandre","author_link":"https:\/\/kantajaunari.eus\/fr\/author\/alexandre\/"},"featured_img":"https:\/\/kantajaunari.eus\/wp-content\/uploads\/2025\/09\/Kanta-Jaunari-Ahetze-AZALA-212x300.jpg","coauthors":[],"tax_additional":{"categories":{"linked":["<a href=\"https:\/\/kantajaunari.eus\/categorie\/a-la-une\/\" class=\"advgb-post-tax-term\">Berriak<\/a>","<a href=\"https:\/\/kantajaunari.eus\/fr\/category\/general-fr\/\" class=\"advgb-post-tax-term\">G\u00e9n\u00e9ral<\/a>"],"unlinked":["<span class=\"advgb-post-tax-term\">Berriak<\/span>","<span class=\"advgb-post-tax-term\">G\u00e9n\u00e9ral<\/span>"]}},"comment_count":0,"relative_dates":{"created":"Publi\u00e9 8 mois il y a","modified":"Mis \u00e0 jour 7 mois il y a"},"absolute_dates":{"created":"Publi\u00e9 le 16 septembre 2025","modified":"Mise \u00e0 jour le 3 octobre 2025"},"absolute_dates_time":{"created":"Publi\u00e9 le 16 septembre 2025 19h39","modified":"Mise \u00e0 jour le 3 octobre 2025 19h52"},"featured_img_caption":"","series_order":"","_links":{"self":[{"href":"https:\/\/kantajaunari.eus\/fr\/wp-json\/wp\/v2\/posts\/34423","targetHints":{"allow":["GET"]}}],"collection":[{"href":"https:\/\/kantajaunari.eus\/fr\/wp-json\/wp\/v2\/posts"}],"about":[{"href":"https:\/\/kantajaunari.eus\/fr\/wp-json\/wp\/v2\/types\/post"}],"author":[{"embeddable":true,"href":"https:\/\/kantajaunari.eus\/fr\/wp-json\/wp\/v2\/users\/2"}],"replies":[{"embeddable":true,"href":"https:\/\/kantajaunari.eus\/fr\/wp-json\/wp\/v2\/comments?post=34423"}],"version-history":[{"count":5,"href":"https:\/\/kantajaunari.eus\/fr\/wp-json\/wp\/v2\/posts\/34423\/revisions"}],"predecessor-version":[{"id":34478,"href":"https:\/\/kantajaunari.eus\/fr\/wp-json\/wp\/v2\/posts\/34423\/revisions\/34478"}],"wp:featuredmedia":[{"embeddable":true,"href":"https:\/\/kantajaunari.eus\/fr\/wp-json\/wp\/v2\/media\/34402"}],"wp:attachment":[{"href":"https:\/\/kantajaunari.eus\/fr\/wp-json\/wp\/v2\/media?parent=34423"}],"wp:term":[{"taxonomy":"category","embeddable":true,"href":"https:\/\/kantajaunari.eus\/fr\/wp-json\/wp\/v2\/categories?post=34423"},{"taxonomy":"post_tag","embeddable":true,"href":"https:\/\/kantajaunari.eus\/fr\/wp-json\/wp\/v2\/tags?post=34423"}],"curies":[{"name":"wp","href":"https:\/\/api.w.org\/{rel}","templated":true}]}}