{"id":34223,"date":"2025-07-15T16:24:19","date_gmt":"2025-07-15T14:24:19","guid":{"rendered":"https:\/\/kantajaunari.eus\/?p=34223"},"modified":"2025-07-19T18:16:41","modified_gmt":"2025-07-19T16:16:41","slug":"pelerinage-du-14-juillet-a-belloc-photos-et-enregistrements","status":"publish","type":"post","link":"https:\/\/kantajaunari.eus\/fr\/2025\/07\/pelerinage-du-14-juillet-a-belloc-photos-et-enregistrements\/","title":{"rendered":"P\u00e8lerinage du 14 juillet \u00e0 Belloc : photos et enregistrements"},"content":{"rendered":"\n<p>Merci \u00e0 tous d&rsquo;\u00eatre venus \u00e0 l&rsquo;abbaye de Belloc pour c\u00e9l\u00e9brer l&rsquo;ann\u00e9e sainte de l&rsquo;Esp\u00e9rance et les 150 ans de Belloc.<\/p>\n\n\n\n<p>Belle journ\u00e9e de gr\u00e2ce et d&rsquo;action de gr\u00e2ce avec le Seigneur et sa m\u00e8re Notre-Dame de Belloc.<\/p>\n\n\n\n<p>Merci \u00e0 tous, merci \u00e0 la communaut\u00e9 b\u00e9n\u00e9dictine de Belloc et merci \u00e0 \u00ab\u00a0Habitat et Humanisme\u00a0\u00bb.<\/p>\n\n\n\n<p class=\"has-vert-color has-text-color has-link-color has-medium-font-size wp-elements-befce2b8cbb8770d0a2a79d00dfcba2a\"><strong>Ecouter les enregistrements :<\/strong><\/p>\n\n\n\n<p><strong>Conf\u00e9rence : \u00ab 150 ans de vie monastique \u00e0 Belloc \u00bb Fr\u00e8re Jean-Michel Bortheirie, b\u00e9n\u00e9dictin.<\/strong><\/p>\n\n\n\n<p class=\"has-vert-color has-text-color has-link-color wp-elements-0a97392afb0487a799435a2c78c233d4\"><em><strong><a href=\"https:\/\/kantajaunari.eus\/wp-content\/uploads\/2025\/07\/Belokeko-historia-2025-07-14-Jean-Michel-Bortheirie.pdf\" target=\"_blank\" rel=\"noreferrer noopener\">Telekargatu hitzaldia euskaraz. <\/a><\/strong><\/em><\/p>\n\n\n\n<p class=\"has-vert-color has-text-color has-link-color wp-elements-9ade2ae31479f1532995503fb44ec164\"><em><strong><a href=\"https:\/\/kantajaunari.eus\/wp-content\/uploads\/2025\/07\/Histoire-du-Monastere-de-Belloc-1875-2025-Frere-Bortheirie.pdf\" target=\"_blank\" rel=\"noreferrer noopener\">T\u00e9l\u00e9charger la version fran\u00e7aise du texte de la conf\u00e9rence.<\/a><\/strong><\/em><\/p>\n\n\n\n<figure class=\"wp-block-audio\"><audio controls src=\"https:\/\/kantajaunari.eus\/wp-content\/uploads\/2025\/07\/Beloke-2025-07-14_01_Beloke-historioa-Bortheirie-1.mp3\"><\/audio><\/figure>\n\n\n\n<p><strong>Messe pr\u00e9sid\u00e9e par l&rsquo;abb\u00e9 Dominique Errecart.<\/strong><\/p>\n\n\n\n<figure class=\"wp-block-audio\"><audio controls src=\"https:\/\/kantajaunari.eus\/wp-content\/uploads\/2025\/07\/Beloke-2025-07-14_02_Meza.mp3\"><\/audio><\/figure>\n\n\n\n<p><strong>Intervention : \u00ab L&rsquo;ann\u00e9e sainte de l&rsquo;Esp\u00e9rance&nbsp;\u00bb par l&rsquo;abb\u00e9 Jean Eli\u00e7agaray.<\/strong><\/p>\n\n\n\n<figure class=\"wp-block-audio\"><audio controls src=\"https:\/\/kantajaunari.eus\/wp-content\/uploads\/2025\/07\/Beloke-2025-07-14_03_Elicagaray-Urte-Saindua.mp3\"><\/audio><\/figure>\n\n\n\n<p><strong>V\u00eapres.<\/strong><\/p>\n\n\n\n<figure class=\"wp-block-audio\"><audio controls src=\"https:\/\/kantajaunari.eus\/wp-content\/uploads\/2025\/07\/Beloke-2025-07-14_04_Bezperak.mp3\"><\/audio><\/figure>\n\n\n\n<p><strong>Ga\u00efta et orgue : Jean-Pierre Dumoulin et Soeur Marie-V\u00e9ronique de Belloc.<\/strong><\/p>\n\n\n\n<figure class=\"wp-block-audio\"><audio controls src=\"https:\/\/kantajaunari.eus\/wp-content\/uploads\/2025\/07\/Beloke-2025-07-14_05_Beloke-gaita-agur-Maria-eztitxu.mp3\"><\/audio><\/figure>\n\n\n\n<p><em>Enregistrements : merci \u00e0 Mikel Erramousp\u00e9.<\/em><\/p>\n\n\n\n<p><em>Photos : merci \u00e0 Kepa Aranberri.<\/em><\/p>\n\n\n\n<figure class=\"wp-block-image size-large\"><img loading=\"lazy\" decoding=\"async\" width=\"1024\" height=\"768\" src=\"https:\/\/kantajaunari.eus\/wp-content\/uploads\/2025\/07\/PHOTO-2025-07-15-02-11-30-1-1024x768.jpg\" alt=\"\" class=\"wp-image-34161\" srcset=\"https:\/\/kantajaunari.eus\/wp-content\/uploads\/2025\/07\/PHOTO-2025-07-15-02-11-30-1-1024x768.jpg 1024w, https:\/\/kantajaunari.eus\/wp-content\/uploads\/2025\/07\/PHOTO-2025-07-15-02-11-30-1-300x225.jpg 300w, https:\/\/kantajaunari.eus\/wp-content\/uploads\/2025\/07\/PHOTO-2025-07-15-02-11-30-1-768x576.jpg 768w, https:\/\/kantajaunari.eus\/wp-content\/uploads\/2025\/07\/PHOTO-2025-07-15-02-11-30-1-1536x1152.jpg 1536w, https:\/\/kantajaunari.eus\/wp-content\/uploads\/2025\/07\/PHOTO-2025-07-15-02-11-30-1.jpg 1600w\" sizes=\"auto, (max-width: 1024px) 100vw, 1024px\" \/><\/figure>\n\n\n\n<figure class=\"wp-block-image size-large\"><img loading=\"lazy\" decoding=\"async\" width=\"1024\" height=\"768\" src=\"https:\/\/kantajaunari.eus\/wp-content\/uploads\/2025\/07\/PHOTO-2025-07-15-02-11-30-6-1024x768.jpg\" alt=\"\" class=\"wp-image-34171\" srcset=\"https:\/\/kantajaunari.eus\/wp-content\/uploads\/2025\/07\/PHOTO-2025-07-15-02-11-30-6-1024x768.jpg 1024w, https:\/\/kantajaunari.eus\/wp-content\/uploads\/2025\/07\/PHOTO-2025-07-15-02-11-30-6-300x225.jpg 300w, https:\/\/kantajaunari.eus\/wp-content\/uploads\/2025\/07\/PHOTO-2025-07-15-02-11-30-6-768x576.jpg 768w, https:\/\/kantajaunari.eus\/wp-content\/uploads\/2025\/07\/PHOTO-2025-07-15-02-11-30-6-1536x1152.jpg 1536w, https:\/\/kantajaunari.eus\/wp-content\/uploads\/2025\/07\/PHOTO-2025-07-15-02-11-30-6.jpg 1600w\" sizes=\"auto, (max-width: 1024px) 100vw, 1024px\" \/><\/figure>\n\n\n\n<figure class=\"wp-block-gallery has-nested-images columns-1 is-cropped wp-block-gallery-1 is-layout-flex wp-block-gallery-is-layout-flex\">\n<figure class=\"wp-block-image size-large\"><img loading=\"lazy\" decoding=\"async\" width=\"768\" height=\"1024\" data-id=\"34207\" src=\"https:\/\/kantajaunari.eus\/wp-content\/uploads\/2025\/07\/PHOTO-2025-07-15-02-11-33-768x1024.jpg\" alt=\"\" class=\"wp-image-34207\" srcset=\"https:\/\/kantajaunari.eus\/wp-content\/uploads\/2025\/07\/PHOTO-2025-07-15-02-11-33-768x1024.jpg 768w, https:\/\/kantajaunari.eus\/wp-content\/uploads\/2025\/07\/PHOTO-2025-07-15-02-11-33-225x300.jpg 225w, https:\/\/kantajaunari.eus\/wp-content\/uploads\/2025\/07\/PHOTO-2025-07-15-02-11-33-1152x1536.jpg 1152w, https:\/\/kantajaunari.eus\/wp-content\/uploads\/2025\/07\/PHOTO-2025-07-15-02-11-33.jpg 1200w\" sizes=\"auto, (max-width: 768px) 100vw, 768px\" \/><\/figure>\n\n\n\n<figure class=\"wp-block-image size-large\"><img loading=\"lazy\" decoding=\"async\" width=\"1024\" height=\"768\" data-id=\"34205\" src=\"https:\/\/kantajaunari.eus\/wp-content\/uploads\/2025\/07\/PHOTO-2025-07-15-02-11-32-25-1024x768.jpg\" alt=\"\" class=\"wp-image-34205\" srcset=\"https:\/\/kantajaunari.eus\/wp-content\/uploads\/2025\/07\/PHOTO-2025-07-15-02-11-32-25-1024x768.jpg 1024w, https:\/\/kantajaunari.eus\/wp-content\/uploads\/2025\/07\/PHOTO-2025-07-15-02-11-32-25-300x225.jpg 300w, https:\/\/kantajaunari.eus\/wp-content\/uploads\/2025\/07\/PHOTO-2025-07-15-02-11-32-25-768x576.jpg 768w, https:\/\/kantajaunari.eus\/wp-content\/uploads\/2025\/07\/PHOTO-2025-07-15-02-11-32-25-1536x1152.jpg 1536w, https:\/\/kantajaunari.eus\/wp-content\/uploads\/2025\/07\/PHOTO-2025-07-15-02-11-32-25.jpg 1600w\" sizes=\"auto, (max-width: 1024px) 100vw, 1024px\" \/><\/figure>\n\n\n\n<figure class=\"wp-block-image size-large\"><img loading=\"lazy\" decoding=\"async\" width=\"768\" height=\"1024\" data-id=\"34203\" src=\"https:\/\/kantajaunari.eus\/wp-content\/uploads\/2025\/07\/PHOTO-2025-07-15-02-11-32-22-768x1024.jpg\" alt=\"\" class=\"wp-image-34203\" srcset=\"https:\/\/kantajaunari.eus\/wp-content\/uploads\/2025\/07\/PHOTO-2025-07-15-02-11-32-22-768x1024.jpg 768w, https:\/\/kantajaunari.eus\/wp-content\/uploads\/2025\/07\/PHOTO-2025-07-15-02-11-32-22-225x300.jpg 225w, https:\/\/kantajaunari.eus\/wp-content\/uploads\/2025\/07\/PHOTO-2025-07-15-02-11-32-22-1152x1536.jpg 1152w, https:\/\/kantajaunari.eus\/wp-content\/uploads\/2025\/07\/PHOTO-2025-07-15-02-11-32-22.jpg 1200w\" sizes=\"auto, (max-width: 768px) 100vw, 768px\" \/><\/figure>\n\n\n\n<figure class=\"wp-block-image size-large\"><img loading=\"lazy\" decoding=\"async\" width=\"1024\" height=\"768\" data-id=\"34201\" src=\"https:\/\/kantajaunari.eus\/wp-content\/uploads\/2025\/07\/PHOTO-2025-07-15-02-11-32-21-1024x768.jpg\" alt=\"\" class=\"wp-image-34201\" srcset=\"https:\/\/kantajaunari.eus\/wp-content\/uploads\/2025\/07\/PHOTO-2025-07-15-02-11-32-21-1024x768.jpg 1024w, https:\/\/kantajaunari.eus\/wp-content\/uploads\/2025\/07\/PHOTO-2025-07-15-02-11-32-21-300x225.jpg 300w, https:\/\/kantajaunari.eus\/wp-content\/uploads\/2025\/07\/PHOTO-2025-07-15-02-11-32-21-768x576.jpg 768w, https:\/\/kantajaunari.eus\/wp-content\/uploads\/2025\/07\/PHOTO-2025-07-15-02-11-32-21-1536x1152.jpg 1536w, https:\/\/kantajaunari.eus\/wp-content\/uploads\/2025\/07\/PHOTO-2025-07-15-02-11-32-21.jpg 1600w\" sizes=\"auto, (max-width: 1024px) 100vw, 1024px\" \/><\/figure>\n\n\n\n<figure class=\"wp-block-image size-large\"><img loading=\"lazy\" decoding=\"async\" width=\"1024\" height=\"768\" data-id=\"34199\" src=\"https:\/\/kantajaunari.eus\/wp-content\/uploads\/2025\/07\/PHOTO-2025-07-15-02-11-32-20-1024x768.jpg\" alt=\"\" class=\"wp-image-34199\" srcset=\"https:\/\/kantajaunari.eus\/wp-content\/uploads\/2025\/07\/PHOTO-2025-07-15-02-11-32-20-1024x768.jpg 1024w, https:\/\/kantajaunari.eus\/wp-content\/uploads\/2025\/07\/PHOTO-2025-07-15-02-11-32-20-300x225.jpg 300w, https:\/\/kantajaunari.eus\/wp-content\/uploads\/2025\/07\/PHOTO-2025-07-15-02-11-32-20-768x576.jpg 768w, https:\/\/kantajaunari.eus\/wp-content\/uploads\/2025\/07\/PHOTO-2025-07-15-02-11-32-20-1536x1152.jpg 1536w, https:\/\/kantajaunari.eus\/wp-content\/uploads\/2025\/07\/PHOTO-2025-07-15-02-11-32-20.jpg 1600w\" sizes=\"auto, (max-width: 1024px) 100vw, 1024px\" \/><\/figure>\n\n\n\n<figure class=\"wp-block-image size-large\"><img loading=\"lazy\" decoding=\"async\" width=\"1024\" height=\"768\" data-id=\"34197\" src=\"https:\/\/kantajaunari.eus\/wp-content\/uploads\/2025\/07\/PHOTO-2025-07-15-02-11-32-19-1024x768.jpg\" alt=\"\" class=\"wp-image-34197\" srcset=\"https:\/\/kantajaunari.eus\/wp-content\/uploads\/2025\/07\/PHOTO-2025-07-15-02-11-32-19-1024x768.jpg 1024w, https:\/\/kantajaunari.eus\/wp-content\/uploads\/2025\/07\/PHOTO-2025-07-15-02-11-32-19-300x225.jpg 300w, https:\/\/kantajaunari.eus\/wp-content\/uploads\/2025\/07\/PHOTO-2025-07-15-02-11-32-19-768x576.jpg 768w, https:\/\/kantajaunari.eus\/wp-content\/uploads\/2025\/07\/PHOTO-2025-07-15-02-11-32-19-1536x1152.jpg 1536w, https:\/\/kantajaunari.eus\/wp-content\/uploads\/2025\/07\/PHOTO-2025-07-15-02-11-32-19.jpg 1600w\" sizes=\"auto, (max-width: 1024px) 100vw, 1024px\" \/><\/figure>\n\n\n\n<figure class=\"wp-block-image size-large\"><img loading=\"lazy\" decoding=\"async\" width=\"1024\" height=\"768\" data-id=\"34189\" src=\"https:\/\/kantajaunari.eus\/wp-content\/uploads\/2025\/07\/PHOTO-2025-07-15-02-11-31-15-1024x768.jpg\" alt=\"\" class=\"wp-image-34189\" srcset=\"https:\/\/kantajaunari.eus\/wp-content\/uploads\/2025\/07\/PHOTO-2025-07-15-02-11-31-15-1024x768.jpg 1024w, https:\/\/kantajaunari.eus\/wp-content\/uploads\/2025\/07\/PHOTO-2025-07-15-02-11-31-15-300x225.jpg 300w, https:\/\/kantajaunari.eus\/wp-content\/uploads\/2025\/07\/PHOTO-2025-07-15-02-11-31-15-768x576.jpg 768w, https:\/\/kantajaunari.eus\/wp-content\/uploads\/2025\/07\/PHOTO-2025-07-15-02-11-31-15-1536x1152.jpg 1536w, https:\/\/kantajaunari.eus\/wp-content\/uploads\/2025\/07\/PHOTO-2025-07-15-02-11-31-15.jpg 1600w\" sizes=\"auto, (max-width: 1024px) 100vw, 1024px\" \/><\/figure>\n\n\n\n<figure class=\"wp-block-image size-large\"><img loading=\"lazy\" decoding=\"async\" width=\"768\" height=\"1024\" data-id=\"34195\" src=\"https:\/\/kantajaunari.eus\/wp-content\/uploads\/2025\/07\/PHOTO-2025-07-15-02-11-32-18-768x1024.jpg\" alt=\"\" class=\"wp-image-34195\" srcset=\"https:\/\/kantajaunari.eus\/wp-content\/uploads\/2025\/07\/PHOTO-2025-07-15-02-11-32-18-768x1024.jpg 768w, https:\/\/kantajaunari.eus\/wp-content\/uploads\/2025\/07\/PHOTO-2025-07-15-02-11-32-18-225x300.jpg 225w, https:\/\/kantajaunari.eus\/wp-content\/uploads\/2025\/07\/PHOTO-2025-07-15-02-11-32-18-1152x1536.jpg 1152w, https:\/\/kantajaunari.eus\/wp-content\/uploads\/2025\/07\/PHOTO-2025-07-15-02-11-32-18.jpg 1200w\" sizes=\"auto, (max-width: 768px) 100vw, 768px\" \/><\/figure>\n\n\n\n<figure class=\"wp-block-image size-large\"><img loading=\"lazy\" decoding=\"async\" width=\"1024\" height=\"768\" data-id=\"34193\" src=\"https:\/\/kantajaunari.eus\/wp-content\/uploads\/2025\/07\/PHOTO-2025-07-15-02-11-32-17-1024x768.jpg\" alt=\"\" class=\"wp-image-34193\" srcset=\"https:\/\/kantajaunari.eus\/wp-content\/uploads\/2025\/07\/PHOTO-2025-07-15-02-11-32-17-1024x768.jpg 1024w, https:\/\/kantajaunari.eus\/wp-content\/uploads\/2025\/07\/PHOTO-2025-07-15-02-11-32-17-300x225.jpg 300w, https:\/\/kantajaunari.eus\/wp-content\/uploads\/2025\/07\/PHOTO-2025-07-15-02-11-32-17-768x576.jpg 768w, https:\/\/kantajaunari.eus\/wp-content\/uploads\/2025\/07\/PHOTO-2025-07-15-02-11-32-17-1536x1152.jpg 1536w, https:\/\/kantajaunari.eus\/wp-content\/uploads\/2025\/07\/PHOTO-2025-07-15-02-11-32-17.jpg 1600w\" sizes=\"auto, (max-width: 1024px) 100vw, 1024px\" \/><\/figure>\n\n\n\n<figure class=\"wp-block-image size-large\"><img loading=\"lazy\" decoding=\"async\" width=\"1024\" height=\"768\" data-id=\"34191\" src=\"https:\/\/kantajaunari.eus\/wp-content\/uploads\/2025\/07\/PHOTO-2025-07-15-02-11-31-1024x768.jpg\" alt=\"\" class=\"wp-image-34191\" srcset=\"https:\/\/kantajaunari.eus\/wp-content\/uploads\/2025\/07\/PHOTO-2025-07-15-02-11-31-1024x768.jpg 1024w, https:\/\/kantajaunari.eus\/wp-content\/uploads\/2025\/07\/PHOTO-2025-07-15-02-11-31-300x225.jpg 300w, https:\/\/kantajaunari.eus\/wp-content\/uploads\/2025\/07\/PHOTO-2025-07-15-02-11-31-768x576.jpg 768w, https:\/\/kantajaunari.eus\/wp-content\/uploads\/2025\/07\/PHOTO-2025-07-15-02-11-31-1536x1152.jpg 1536w, https:\/\/kantajaunari.eus\/wp-content\/uploads\/2025\/07\/PHOTO-2025-07-15-02-11-31.jpg 1600w\" sizes=\"auto, (max-width: 1024px) 100vw, 1024px\" \/><\/figure>\n\n\n\n<figure class=\"wp-block-image size-large\"><img loading=\"lazy\" decoding=\"async\" width=\"1024\" height=\"768\" data-id=\"34187\" src=\"https:\/\/kantajaunari.eus\/wp-content\/uploads\/2025\/07\/PHOTO-2025-07-15-02-11-31-13-1024x768.jpg\" alt=\"\" class=\"wp-image-34187\" srcset=\"https:\/\/kantajaunari.eus\/wp-content\/uploads\/2025\/07\/PHOTO-2025-07-15-02-11-31-13-1024x768.jpg 1024w, https:\/\/kantajaunari.eus\/wp-content\/uploads\/2025\/07\/PHOTO-2025-07-15-02-11-31-13-300x225.jpg 300w, https:\/\/kantajaunari.eus\/wp-content\/uploads\/2025\/07\/PHOTO-2025-07-15-02-11-31-13-768x576.jpg 768w, https:\/\/kantajaunari.eus\/wp-content\/uploads\/2025\/07\/PHOTO-2025-07-15-02-11-31-13-1536x1152.jpg 1536w, https:\/\/kantajaunari.eus\/wp-content\/uploads\/2025\/07\/PHOTO-2025-07-15-02-11-31-13.jpg 1600w\" sizes=\"auto, (max-width: 1024px) 100vw, 1024px\" \/><\/figure>\n\n\n\n<figure class=\"wp-block-image size-large\"><img loading=\"lazy\" decoding=\"async\" width=\"1024\" height=\"768\" data-id=\"34185\" src=\"https:\/\/kantajaunari.eus\/wp-content\/uploads\/2025\/07\/PHOTO-2025-07-15-02-11-31-12-1024x768.jpg\" alt=\"\" class=\"wp-image-34185\" srcset=\"https:\/\/kantajaunari.eus\/wp-content\/uploads\/2025\/07\/PHOTO-2025-07-15-02-11-31-12-1024x768.jpg 1024w, https:\/\/kantajaunari.eus\/wp-content\/uploads\/2025\/07\/PHOTO-2025-07-15-02-11-31-12-300x225.jpg 300w, https:\/\/kantajaunari.eus\/wp-content\/uploads\/2025\/07\/PHOTO-2025-07-15-02-11-31-12-768x576.jpg 768w, https:\/\/kantajaunari.eus\/wp-content\/uploads\/2025\/07\/PHOTO-2025-07-15-02-11-31-12-1536x1152.jpg 1536w, https:\/\/kantajaunari.eus\/wp-content\/uploads\/2025\/07\/PHOTO-2025-07-15-02-11-31-12.jpg 1600w\" sizes=\"auto, (max-width: 1024px) 100vw, 1024px\" \/><\/figure>\n\n\n\n<figure class=\"wp-block-image size-large\"><img loading=\"lazy\" decoding=\"async\" width=\"1024\" height=\"768\" data-id=\"34183\" src=\"https:\/\/kantajaunari.eus\/wp-content\/uploads\/2025\/07\/PHOTO-2025-07-15-02-11-31-11-1024x768.jpg\" alt=\"\" class=\"wp-image-34183\" srcset=\"https:\/\/kantajaunari.eus\/wp-content\/uploads\/2025\/07\/PHOTO-2025-07-15-02-11-31-11-1024x768.jpg 1024w, https:\/\/kantajaunari.eus\/wp-content\/uploads\/2025\/07\/PHOTO-2025-07-15-02-11-31-11-300x225.jpg 300w, https:\/\/kantajaunari.eus\/wp-content\/uploads\/2025\/07\/PHOTO-2025-07-15-02-11-31-11-768x576.jpg 768w, https:\/\/kantajaunari.eus\/wp-content\/uploads\/2025\/07\/PHOTO-2025-07-15-02-11-31-11-1536x1152.jpg 1536w, https:\/\/kantajaunari.eus\/wp-content\/uploads\/2025\/07\/PHOTO-2025-07-15-02-11-31-11.jpg 1600w\" sizes=\"auto, (max-width: 1024px) 100vw, 1024px\" \/><\/figure>\n\n\n\n<figure class=\"wp-block-image size-large\"><img loading=\"lazy\" decoding=\"async\" width=\"768\" height=\"1024\" data-id=\"34181\" src=\"https:\/\/kantajaunari.eus\/wp-content\/uploads\/2025\/07\/PHOTO-2025-07-15-02-11-31-10-768x1024.jpg\" alt=\"\" class=\"wp-image-34181\" srcset=\"https:\/\/kantajaunari.eus\/wp-content\/uploads\/2025\/07\/PHOTO-2025-07-15-02-11-31-10-768x1024.jpg 768w, https:\/\/kantajaunari.eus\/wp-content\/uploads\/2025\/07\/PHOTO-2025-07-15-02-11-31-10-225x300.jpg 225w, https:\/\/kantajaunari.eus\/wp-content\/uploads\/2025\/07\/PHOTO-2025-07-15-02-11-31-10-1152x1536.jpg 1152w, https:\/\/kantajaunari.eus\/wp-content\/uploads\/2025\/07\/PHOTO-2025-07-15-02-11-31-10.jpg 1200w\" sizes=\"auto, (max-width: 768px) 100vw, 768px\" \/><\/figure>\n\n\n\n<figure class=\"wp-block-image size-large\"><img loading=\"lazy\" decoding=\"async\" width=\"768\" height=\"1024\" data-id=\"34179\" src=\"https:\/\/kantajaunari.eus\/wp-content\/uploads\/2025\/07\/PHOTO-2025-07-15-02-11-31-9-768x1024.jpg\" alt=\"\" class=\"wp-image-34179\" srcset=\"https:\/\/kantajaunari.eus\/wp-content\/uploads\/2025\/07\/PHOTO-2025-07-15-02-11-31-9-768x1024.jpg 768w, https:\/\/kantajaunari.eus\/wp-content\/uploads\/2025\/07\/PHOTO-2025-07-15-02-11-31-9-225x300.jpg 225w, https:\/\/kantajaunari.eus\/wp-content\/uploads\/2025\/07\/PHOTO-2025-07-15-02-11-31-9-1152x1536.jpg 1152w, https:\/\/kantajaunari.eus\/wp-content\/uploads\/2025\/07\/PHOTO-2025-07-15-02-11-31-9.jpg 1200w\" sizes=\"auto, (max-width: 768px) 100vw, 768px\" \/><\/figure>\n\n\n\n<figure class=\"wp-block-image size-large\"><img loading=\"lazy\" decoding=\"async\" width=\"768\" height=\"1024\" data-id=\"34177\" src=\"https:\/\/kantajaunari.eus\/wp-content\/uploads\/2025\/07\/PHOTO-2025-07-15-02-11-30-768x1024.jpg\" alt=\"\" class=\"wp-image-34177\" srcset=\"https:\/\/kantajaunari.eus\/wp-content\/uploads\/2025\/07\/PHOTO-2025-07-15-02-11-30-768x1024.jpg 768w, https:\/\/kantajaunari.eus\/wp-content\/uploads\/2025\/07\/PHOTO-2025-07-15-02-11-30-225x300.jpg 225w, https:\/\/kantajaunari.eus\/wp-content\/uploads\/2025\/07\/PHOTO-2025-07-15-02-11-30-1152x1536.jpg 1152w, https:\/\/kantajaunari.eus\/wp-content\/uploads\/2025\/07\/PHOTO-2025-07-15-02-11-30.jpg 1200w\" sizes=\"auto, (max-width: 768px) 100vw, 768px\" \/><\/figure>\n\n\n\n<figure class=\"wp-block-image size-large\"><img loading=\"lazy\" decoding=\"async\" width=\"768\" height=\"1024\" data-id=\"34175\" src=\"https:\/\/kantajaunari.eus\/wp-content\/uploads\/2025\/07\/PHOTO-2025-07-15-02-11-30-8-768x1024.jpg\" alt=\"\" class=\"wp-image-34175\" srcset=\"https:\/\/kantajaunari.eus\/wp-content\/uploads\/2025\/07\/PHOTO-2025-07-15-02-11-30-8-768x1024.jpg 768w, https:\/\/kantajaunari.eus\/wp-content\/uploads\/2025\/07\/PHOTO-2025-07-15-02-11-30-8-225x300.jpg 225w, https:\/\/kantajaunari.eus\/wp-content\/uploads\/2025\/07\/PHOTO-2025-07-15-02-11-30-8-1152x1536.jpg 1152w, https:\/\/kantajaunari.eus\/wp-content\/uploads\/2025\/07\/PHOTO-2025-07-15-02-11-30-8.jpg 1200w\" sizes=\"auto, (max-width: 768px) 100vw, 768px\" \/><\/figure>\n\n\n\n<figure class=\"wp-block-image size-large\"><img loading=\"lazy\" decoding=\"async\" width=\"768\" height=\"1024\" data-id=\"34169\" src=\"https:\/\/kantajaunari.eus\/wp-content\/uploads\/2025\/07\/PHOTO-2025-07-15-02-11-30-5-768x1024.jpg\" alt=\"\" class=\"wp-image-34169\" srcset=\"https:\/\/kantajaunari.eus\/wp-content\/uploads\/2025\/07\/PHOTO-2025-07-15-02-11-30-5-768x1024.jpg 768w, https:\/\/kantajaunari.eus\/wp-content\/uploads\/2025\/07\/PHOTO-2025-07-15-02-11-30-5-225x300.jpg 225w, https:\/\/kantajaunari.eus\/wp-content\/uploads\/2025\/07\/PHOTO-2025-07-15-02-11-30-5-1152x1536.jpg 1152w, https:\/\/kantajaunari.eus\/wp-content\/uploads\/2025\/07\/PHOTO-2025-07-15-02-11-30-5.jpg 1200w\" sizes=\"auto, (max-width: 768px) 100vw, 768px\" \/><\/figure>\n\n\n\n<figure class=\"wp-block-image size-large\"><img loading=\"lazy\" decoding=\"async\" width=\"768\" height=\"1024\" data-id=\"34167\" src=\"https:\/\/kantajaunari.eus\/wp-content\/uploads\/2025\/07\/PHOTO-2025-07-15-02-11-30-4-768x1024.jpg\" alt=\"\" class=\"wp-image-34167\" srcset=\"https:\/\/kantajaunari.eus\/wp-content\/uploads\/2025\/07\/PHOTO-2025-07-15-02-11-30-4-768x1024.jpg 768w, https:\/\/kantajaunari.eus\/wp-content\/uploads\/2025\/07\/PHOTO-2025-07-15-02-11-30-4-225x300.jpg 225w, https:\/\/kantajaunari.eus\/wp-content\/uploads\/2025\/07\/PHOTO-2025-07-15-02-11-30-4-1152x1536.jpg 1152w, https:\/\/kantajaunari.eus\/wp-content\/uploads\/2025\/07\/PHOTO-2025-07-15-02-11-30-4.jpg 1200w\" sizes=\"auto, (max-width: 768px) 100vw, 768px\" \/><\/figure>\n\n\n\n<figure class=\"wp-block-image size-large\"><img loading=\"lazy\" decoding=\"async\" width=\"1024\" height=\"768\" data-id=\"34165\" src=\"https:\/\/kantajaunari.eus\/wp-content\/uploads\/2025\/07\/PHOTO-2025-07-15-02-11-30-3-1024x768.jpg\" alt=\"\" class=\"wp-image-34165\" srcset=\"https:\/\/kantajaunari.eus\/wp-content\/uploads\/2025\/07\/PHOTO-2025-07-15-02-11-30-3-1024x768.jpg 1024w, https:\/\/kantajaunari.eus\/wp-content\/uploads\/2025\/07\/PHOTO-2025-07-15-02-11-30-3-300x225.jpg 300w, https:\/\/kantajaunari.eus\/wp-content\/uploads\/2025\/07\/PHOTO-2025-07-15-02-11-30-3-768x576.jpg 768w, https:\/\/kantajaunari.eus\/wp-content\/uploads\/2025\/07\/PHOTO-2025-07-15-02-11-30-3-1536x1152.jpg 1536w, https:\/\/kantajaunari.eus\/wp-content\/uploads\/2025\/07\/PHOTO-2025-07-15-02-11-30-3.jpg 1600w\" sizes=\"auto, (max-width: 1024px) 100vw, 1024px\" \/><\/figure>\n\n\n\n<figure class=\"wp-block-image size-large\"><img loading=\"lazy\" decoding=\"async\" width=\"1024\" height=\"768\" data-id=\"34163\" src=\"https:\/\/kantajaunari.eus\/wp-content\/uploads\/2025\/07\/PHOTO-2025-07-15-02-11-30-2-1024x768.jpg\" alt=\"\" class=\"wp-image-34163\" srcset=\"https:\/\/kantajaunari.eus\/wp-content\/uploads\/2025\/07\/PHOTO-2025-07-15-02-11-30-2-1024x768.jpg 1024w, https:\/\/kantajaunari.eus\/wp-content\/uploads\/2025\/07\/PHOTO-2025-07-15-02-11-30-2-300x225.jpg 300w, https:\/\/kantajaunari.eus\/wp-content\/uploads\/2025\/07\/PHOTO-2025-07-15-02-11-30-2-768x576.jpg 768w, https:\/\/kantajaunari.eus\/wp-content\/uploads\/2025\/07\/PHOTO-2025-07-15-02-11-30-2-1536x1152.jpg 1536w, https:\/\/kantajaunari.eus\/wp-content\/uploads\/2025\/07\/PHOTO-2025-07-15-02-11-30-2.jpg 1600w\" sizes=\"auto, (max-width: 1024px) 100vw, 1024px\" \/><\/figure>\n\n\n\n<figure class=\"wp-block-image size-large\"><img loading=\"lazy\" decoding=\"async\" width=\"1024\" height=\"576\" data-id=\"34159\" src=\"https:\/\/kantajaunari.eus\/wp-content\/uploads\/2025\/07\/IMG_4421-1024x576.jpeg\" alt=\"\" class=\"wp-image-34159\" srcset=\"https:\/\/kantajaunari.eus\/wp-content\/uploads\/2025\/07\/IMG_4421-1024x576.jpeg 1024w, https:\/\/kantajaunari.eus\/wp-content\/uploads\/2025\/07\/IMG_4421-300x169.jpeg 300w, https:\/\/kantajaunari.eus\/wp-content\/uploads\/2025\/07\/IMG_4421-768x432.jpeg 768w, https:\/\/kantajaunari.eus\/wp-content\/uploads\/2025\/07\/IMG_4421-1536x864.jpeg 1536w, https:\/\/kantajaunari.eus\/wp-content\/uploads\/2025\/07\/IMG_4421-2048x1152.jpeg 2048w\" sizes=\"auto, (max-width: 1024px) 100vw, 1024px\" \/><\/figure>\n<\/figure>\n\n\n\n<figure class=\"wp-block-image size-large\"><img loading=\"lazy\" decoding=\"async\" width=\"1024\" height=\"768\" src=\"https:\/\/kantajaunari.eus\/wp-content\/uploads\/2025\/07\/PHOTO-2025-07-15-02-11-30-7-1024x768.jpg\" alt=\"\" class=\"wp-image-34173\" srcset=\"https:\/\/kantajaunari.eus\/wp-content\/uploads\/2025\/07\/PHOTO-2025-07-15-02-11-30-7-1024x768.jpg 1024w, https:\/\/kantajaunari.eus\/wp-content\/uploads\/2025\/07\/PHOTO-2025-07-15-02-11-30-7-300x225.jpg 300w, https:\/\/kantajaunari.eus\/wp-content\/uploads\/2025\/07\/PHOTO-2025-07-15-02-11-30-7-768x576.jpg 768w, https:\/\/kantajaunari.eus\/wp-content\/uploads\/2025\/07\/PHOTO-2025-07-15-02-11-30-7-1536x1152.jpg 1536w, https:\/\/kantajaunari.eus\/wp-content\/uploads\/2025\/07\/PHOTO-2025-07-15-02-11-30-7.jpg 1600w\" sizes=\"auto, (max-width: 1024px) 100vw, 1024px\" \/><\/figure>\n\n\n\n<p><\/p>\n","protected":false},"excerpt":{"rendered":"<p>Merci \u00e0 tous d&rsquo;\u00eatre venus \u00e0 l&rsquo;abbaye de Belloc pour c\u00e9l\u00e9brer l&rsquo;ann\u00e9e sainte de l&rsquo;Esp\u00e9rance et les 150 ans de Belloc. Belle journ\u00e9e de gr\u00e2ce et d&rsquo;action de gr\u00e2ce avec le Seigneur et sa m\u00e8re Notre-Dame de Belloc. Merci \u00e0 tous, merci \u00e0 la communaut\u00e9 b\u00e9n\u00e9dictine de Belloc et merci \u00e0 \u00ab\u00a0Habitat et Humanisme\u00a0\u00bb. Ecouter [&hellip;]<\/p>\n","protected":false},"author":2,"featured_media":34172,"comment_status":"closed","ping_status":"closed","sticky":false,"template":"","format":"standard","meta":{"_acf_changed":false,"advgb_blocks_editor_width":"","advgb_blocks_columns_visual_guide":"","footnotes":""},"categories":[31,22],"tags":[],"class_list":["post-34223","post","type-post","status-publish","format-standard","has-post-thumbnail","hentry","category-berriak","category-general-fr"],"acf":[],"yoast_head":"<!-- This site is optimized with the Yoast SEO plugin v27.5 - https:\/\/yoast.com\/product\/yoast-seo-wordpress\/ -->\n<title>P\u00e8lerinage du 14 juillet \u00e0 Belloc : photos et enregistrements - Kanta Jaunari<\/title>\n<meta name=\"robots\" content=\"index, follow, max-snippet:-1, max-image-preview:large, max-video-preview:-1\" \/>\n<link rel=\"canonical\" href=\"https:\/\/kantajaunari.eus\/fr\/2025\/07\/pelerinage-du-14-juillet-a-belloc-photos-et-enregistrements\/\" \/>\n<meta property=\"og:locale\" content=\"fr_FR\" \/>\n<meta property=\"og:type\" content=\"article\" \/>\n<meta property=\"og:title\" content=\"P\u00e8lerinage du 14 juillet \u00e0 Belloc : photos et enregistrements - Kanta Jaunari\" \/>\n<meta property=\"og:description\" content=\"Merci \u00e0 tous d&rsquo;\u00eatre venus \u00e0 l&rsquo;abbaye de Belloc pour c\u00e9l\u00e9brer l&rsquo;ann\u00e9e sainte de l&rsquo;Esp\u00e9rance et les 150 ans de Belloc. Belle journ\u00e9e de gr\u00e2ce et d&rsquo;action de gr\u00e2ce avec le Seigneur et sa m\u00e8re Notre-Dame de Belloc. Merci \u00e0 tous, merci \u00e0 la communaut\u00e9 b\u00e9n\u00e9dictine de Belloc et merci \u00e0 \u00ab\u00a0Habitat et Humanisme\u00a0\u00bb. Ecouter [&hellip;]\" \/>\n<meta property=\"og:url\" content=\"https:\/\/kantajaunari.eus\/fr\/2025\/07\/pelerinage-du-14-juillet-a-belloc-photos-et-enregistrements\/\" \/>\n<meta property=\"og:site_name\" content=\"Kanta Jaunari\" \/>\n<meta property=\"article:published_time\" content=\"2025-07-15T14:24:19+00:00\" \/>\n<meta property=\"article:modified_time\" content=\"2025-07-19T16:16:41+00:00\" \/>\n<meta property=\"og:image\" content=\"https:\/\/kantajaunari.eus\/wp-content\/uploads\/2025\/07\/PHOTO-2025-07-15-02-11-30-6.jpg\" \/>\n\t<meta property=\"og:image:width\" content=\"1600\" \/>\n\t<meta property=\"og:image:height\" content=\"1200\" \/>\n\t<meta property=\"og:image:type\" content=\"image\/jpeg\" \/>\n<meta name=\"author\" content=\"Alexandre\" \/>\n<meta name=\"twitter:card\" content=\"summary_large_image\" \/>\n<meta name=\"twitter:label1\" content=\"\u00c9crit par\" \/>\n\t<meta name=\"twitter:data1\" content=\"Alexandre\" \/>\n\t<meta name=\"twitter:label2\" content=\"Dur\u00e9e de lecture estim\u00e9e\" \/>\n\t<meta name=\"twitter:data2\" content=\"6 minutes\" \/>\n<script type=\"application\/ld+json\" class=\"yoast-schema-graph\">{\"@context\":\"https:\\\/\\\/schema.org\",\"@graph\":[{\"@type\":\"Article\",\"@id\":\"https:\\\/\\\/kantajaunari.eus\\\/fr\\\/2025\\\/07\\\/pelerinage-du-14-juillet-a-belloc-photos-et-enregistrements\\\/#article\",\"isPartOf\":{\"@id\":\"https:\\\/\\\/kantajaunari.eus\\\/fr\\\/2025\\\/07\\\/pelerinage-du-14-juillet-a-belloc-photos-et-enregistrements\\\/\"},\"author\":{\"name\":\"Alexandre\",\"@id\":\"https:\\\/\\\/kantajaunari.eus\\\/fr\\\/#\\\/schema\\\/person\\\/daf786d123d1251b0b8fa97f2f585a30\"},\"headline\":\"P\u00e8lerinage du 14 juillet \u00e0 Belloc : photos et enregistrements\",\"datePublished\":\"2025-07-15T14:24:19+00:00\",\"dateModified\":\"2025-07-19T16:16:41+00:00\",\"mainEntityOfPage\":{\"@id\":\"https:\\\/\\\/kantajaunari.eus\\\/fr\\\/2025\\\/07\\\/pelerinage-du-14-juillet-a-belloc-photos-et-enregistrements\\\/\"},\"wordCount\":151,\"image\":{\"@id\":\"https:\\\/\\\/kantajaunari.eus\\\/fr\\\/2025\\\/07\\\/pelerinage-du-14-juillet-a-belloc-photos-et-enregistrements\\\/#primaryimage\"},\"thumbnailUrl\":\"https:\\\/\\\/kantajaunari.eus\\\/wp-content\\\/uploads\\\/2025\\\/07\\\/PHOTO-2025-07-15-02-11-30-6.jpg\",\"articleSection\":[\"Berriak\",\"G\u00e9n\u00e9ral\"],\"inLanguage\":\"fr-FR\"},{\"@type\":\"WebPage\",\"@id\":\"https:\\\/\\\/kantajaunari.eus\\\/fr\\\/2025\\\/07\\\/pelerinage-du-14-juillet-a-belloc-photos-et-enregistrements\\\/\",\"url\":\"https:\\\/\\\/kantajaunari.eus\\\/fr\\\/2025\\\/07\\\/pelerinage-du-14-juillet-a-belloc-photos-et-enregistrements\\\/\",\"name\":\"P\u00e8lerinage du 14 juillet \u00e0 Belloc : photos et enregistrements - Kanta Jaunari\",\"isPartOf\":{\"@id\":\"https:\\\/\\\/kantajaunari.eus\\\/fr\\\/#website\"},\"primaryImageOfPage\":{\"@id\":\"https:\\\/\\\/kantajaunari.eus\\\/fr\\\/2025\\\/07\\\/pelerinage-du-14-juillet-a-belloc-photos-et-enregistrements\\\/#primaryimage\"},\"image\":{\"@id\":\"https:\\\/\\\/kantajaunari.eus\\\/fr\\\/2025\\\/07\\\/pelerinage-du-14-juillet-a-belloc-photos-et-enregistrements\\\/#primaryimage\"},\"thumbnailUrl\":\"https:\\\/\\\/kantajaunari.eus\\\/wp-content\\\/uploads\\\/2025\\\/07\\\/PHOTO-2025-07-15-02-11-30-6.jpg\",\"datePublished\":\"2025-07-15T14:24:19+00:00\",\"dateModified\":\"2025-07-19T16:16:41+00:00\",\"author\":{\"@id\":\"https:\\\/\\\/kantajaunari.eus\\\/fr\\\/#\\\/schema\\\/person\\\/daf786d123d1251b0b8fa97f2f585a30\"},\"breadcrumb\":{\"@id\":\"https:\\\/\\\/kantajaunari.eus\\\/fr\\\/2025\\\/07\\\/pelerinage-du-14-juillet-a-belloc-photos-et-enregistrements\\\/#breadcrumb\"},\"inLanguage\":\"fr-FR\",\"potentialAction\":[{\"@type\":\"ReadAction\",\"target\":[\"https:\\\/\\\/kantajaunari.eus\\\/fr\\\/2025\\\/07\\\/pelerinage-du-14-juillet-a-belloc-photos-et-enregistrements\\\/\"]}]},{\"@type\":\"ImageObject\",\"inLanguage\":\"fr-FR\",\"@id\":\"https:\\\/\\\/kantajaunari.eus\\\/fr\\\/2025\\\/07\\\/pelerinage-du-14-juillet-a-belloc-photos-et-enregistrements\\\/#primaryimage\",\"url\":\"https:\\\/\\\/kantajaunari.eus\\\/wp-content\\\/uploads\\\/2025\\\/07\\\/PHOTO-2025-07-15-02-11-30-6.jpg\",\"contentUrl\":\"https:\\\/\\\/kantajaunari.eus\\\/wp-content\\\/uploads\\\/2025\\\/07\\\/PHOTO-2025-07-15-02-11-30-6.jpg\",\"width\":1600,\"height\":1200},{\"@type\":\"BreadcrumbList\",\"@id\":\"https:\\\/\\\/kantajaunari.eus\\\/fr\\\/2025\\\/07\\\/pelerinage-du-14-juillet-a-belloc-photos-et-enregistrements\\\/#breadcrumb\",\"itemListElement\":[{\"@type\":\"ListItem\",\"position\":1,\"name\":\"Accueil\",\"item\":\"https:\\\/\\\/kantajaunari.eus\\\/fr\\\/\"},{\"@type\":\"ListItem\",\"position\":2,\"name\":\"P\u00e8lerinage du 14 juillet \u00e0 Belloc : photos et enregistrements\"}]},{\"@type\":\"WebSite\",\"@id\":\"https:\\\/\\\/kantajaunari.eus\\\/fr\\\/#website\",\"url\":\"https:\\\/\\\/kantajaunari.eus\\\/fr\\\/\",\"name\":\"Kanta Jaunari\",\"description\":\"\",\"potentialAction\":[{\"@type\":\"SearchAction\",\"target\":{\"@type\":\"EntryPoint\",\"urlTemplate\":\"https:\\\/\\\/kantajaunari.eus\\\/fr\\\/?s={search_term_string}\"},\"query-input\":{\"@type\":\"PropertyValueSpecification\",\"valueRequired\":true,\"valueName\":\"search_term_string\"}}],\"inLanguage\":\"fr-FR\"},{\"@type\":\"Person\",\"@id\":\"https:\\\/\\\/kantajaunari.eus\\\/fr\\\/#\\\/schema\\\/person\\\/daf786d123d1251b0b8fa97f2f585a30\",\"name\":\"Alexandre\",\"image\":{\"@type\":\"ImageObject\",\"inLanguage\":\"fr-FR\",\"@id\":\"https:\\\/\\\/secure.gravatar.com\\\/avatar\\\/f52ae1e8bac79d8f3aeb6c3ae7905adc799e851bc1d7f3be0f3dfbf8df07dc40?s=96&d=mm&r=g\",\"url\":\"https:\\\/\\\/secure.gravatar.com\\\/avatar\\\/f52ae1e8bac79d8f3aeb6c3ae7905adc799e851bc1d7f3be0f3dfbf8df07dc40?s=96&d=mm&r=g\",\"contentUrl\":\"https:\\\/\\\/secure.gravatar.com\\\/avatar\\\/f52ae1e8bac79d8f3aeb6c3ae7905adc799e851bc1d7f3be0f3dfbf8df07dc40?s=96&d=mm&r=g\",\"caption\":\"Alexandre\"},\"url\":\"https:\\\/\\\/kantajaunari.eus\\\/fr\\\/author\\\/alexandre\\\/\"}]}<\/script>\n<!-- \/ Yoast SEO plugin. -->","yoast_head_json":{"title":"P\u00e8lerinage du 14 juillet \u00e0 Belloc : photos et enregistrements - Kanta Jaunari","robots":{"index":"index","follow":"follow","max-snippet":"max-snippet:-1","max-image-preview":"max-image-preview:large","max-video-preview":"max-video-preview:-1"},"canonical":"https:\/\/kantajaunari.eus\/fr\/2025\/07\/pelerinage-du-14-juillet-a-belloc-photos-et-enregistrements\/","og_locale":"fr_FR","og_type":"article","og_title":"P\u00e8lerinage du 14 juillet \u00e0 Belloc : photos et enregistrements - Kanta Jaunari","og_description":"Merci \u00e0 tous d&rsquo;\u00eatre venus \u00e0 l&rsquo;abbaye de Belloc pour c\u00e9l\u00e9brer l&rsquo;ann\u00e9e sainte de l&rsquo;Esp\u00e9rance et les 150 ans de Belloc. Belle journ\u00e9e de gr\u00e2ce et d&rsquo;action de gr\u00e2ce avec le Seigneur et sa m\u00e8re Notre-Dame de Belloc. Merci \u00e0 tous, merci \u00e0 la communaut\u00e9 b\u00e9n\u00e9dictine de Belloc et merci \u00e0 \u00ab\u00a0Habitat et Humanisme\u00a0\u00bb. Ecouter [&hellip;]","og_url":"https:\/\/kantajaunari.eus\/fr\/2025\/07\/pelerinage-du-14-juillet-a-belloc-photos-et-enregistrements\/","og_site_name":"Kanta Jaunari","article_published_time":"2025-07-15T14:24:19+00:00","article_modified_time":"2025-07-19T16:16:41+00:00","og_image":[{"width":1600,"height":1200,"url":"https:\/\/kantajaunari.eus\/wp-content\/uploads\/2025\/07\/PHOTO-2025-07-15-02-11-30-6.jpg","type":"image\/jpeg"}],"author":"Alexandre","twitter_card":"summary_large_image","twitter_misc":{"\u00c9crit par":"Alexandre","Dur\u00e9e de lecture estim\u00e9e":"6 minutes"},"schema":{"@context":"https:\/\/schema.org","@graph":[{"@type":"Article","@id":"https:\/\/kantajaunari.eus\/fr\/2025\/07\/pelerinage-du-14-juillet-a-belloc-photos-et-enregistrements\/#article","isPartOf":{"@id":"https:\/\/kantajaunari.eus\/fr\/2025\/07\/pelerinage-du-14-juillet-a-belloc-photos-et-enregistrements\/"},"author":{"name":"Alexandre","@id":"https:\/\/kantajaunari.eus\/fr\/#\/schema\/person\/daf786d123d1251b0b8fa97f2f585a30"},"headline":"P\u00e8lerinage du 14 juillet \u00e0 Belloc : photos et enregistrements","datePublished":"2025-07-15T14:24:19+00:00","dateModified":"2025-07-19T16:16:41+00:00","mainEntityOfPage":{"@id":"https:\/\/kantajaunari.eus\/fr\/2025\/07\/pelerinage-du-14-juillet-a-belloc-photos-et-enregistrements\/"},"wordCount":151,"image":{"@id":"https:\/\/kantajaunari.eus\/fr\/2025\/07\/pelerinage-du-14-juillet-a-belloc-photos-et-enregistrements\/#primaryimage"},"thumbnailUrl":"https:\/\/kantajaunari.eus\/wp-content\/uploads\/2025\/07\/PHOTO-2025-07-15-02-11-30-6.jpg","articleSection":["Berriak","G\u00e9n\u00e9ral"],"inLanguage":"fr-FR"},{"@type":"WebPage","@id":"https:\/\/kantajaunari.eus\/fr\/2025\/07\/pelerinage-du-14-juillet-a-belloc-photos-et-enregistrements\/","url":"https:\/\/kantajaunari.eus\/fr\/2025\/07\/pelerinage-du-14-juillet-a-belloc-photos-et-enregistrements\/","name":"P\u00e8lerinage du 14 juillet \u00e0 Belloc : photos et enregistrements - Kanta Jaunari","isPartOf":{"@id":"https:\/\/kantajaunari.eus\/fr\/#website"},"primaryImageOfPage":{"@id":"https:\/\/kantajaunari.eus\/fr\/2025\/07\/pelerinage-du-14-juillet-a-belloc-photos-et-enregistrements\/#primaryimage"},"image":{"@id":"https:\/\/kantajaunari.eus\/fr\/2025\/07\/pelerinage-du-14-juillet-a-belloc-photos-et-enregistrements\/#primaryimage"},"thumbnailUrl":"https:\/\/kantajaunari.eus\/wp-content\/uploads\/2025\/07\/PHOTO-2025-07-15-02-11-30-6.jpg","datePublished":"2025-07-15T14:24:19+00:00","dateModified":"2025-07-19T16:16:41+00:00","author":{"@id":"https:\/\/kantajaunari.eus\/fr\/#\/schema\/person\/daf786d123d1251b0b8fa97f2f585a30"},"breadcrumb":{"@id":"https:\/\/kantajaunari.eus\/fr\/2025\/07\/pelerinage-du-14-juillet-a-belloc-photos-et-enregistrements\/#breadcrumb"},"inLanguage":"fr-FR","potentialAction":[{"@type":"ReadAction","target":["https:\/\/kantajaunari.eus\/fr\/2025\/07\/pelerinage-du-14-juillet-a-belloc-photos-et-enregistrements\/"]}]},{"@type":"ImageObject","inLanguage":"fr-FR","@id":"https:\/\/kantajaunari.eus\/fr\/2025\/07\/pelerinage-du-14-juillet-a-belloc-photos-et-enregistrements\/#primaryimage","url":"https:\/\/kantajaunari.eus\/wp-content\/uploads\/2025\/07\/PHOTO-2025-07-15-02-11-30-6.jpg","contentUrl":"https:\/\/kantajaunari.eus\/wp-content\/uploads\/2025\/07\/PHOTO-2025-07-15-02-11-30-6.jpg","width":1600,"height":1200},{"@type":"BreadcrumbList","@id":"https:\/\/kantajaunari.eus\/fr\/2025\/07\/pelerinage-du-14-juillet-a-belloc-photos-et-enregistrements\/#breadcrumb","itemListElement":[{"@type":"ListItem","position":1,"name":"Accueil","item":"https:\/\/kantajaunari.eus\/fr\/"},{"@type":"ListItem","position":2,"name":"P\u00e8lerinage du 14 juillet \u00e0 Belloc : photos et enregistrements"}]},{"@type":"WebSite","@id":"https:\/\/kantajaunari.eus\/fr\/#website","url":"https:\/\/kantajaunari.eus\/fr\/","name":"Kanta Jaunari","description":"","potentialAction":[{"@type":"SearchAction","target":{"@type":"EntryPoint","urlTemplate":"https:\/\/kantajaunari.eus\/fr\/?s={search_term_string}"},"query-input":{"@type":"PropertyValueSpecification","valueRequired":true,"valueName":"search_term_string"}}],"inLanguage":"fr-FR"},{"@type":"Person","@id":"https:\/\/kantajaunari.eus\/fr\/#\/schema\/person\/daf786d123d1251b0b8fa97f2f585a30","name":"Alexandre","image":{"@type":"ImageObject","inLanguage":"fr-FR","@id":"https:\/\/secure.gravatar.com\/avatar\/f52ae1e8bac79d8f3aeb6c3ae7905adc799e851bc1d7f3be0f3dfbf8df07dc40?s=96&d=mm&r=g","url":"https:\/\/secure.gravatar.com\/avatar\/f52ae1e8bac79d8f3aeb6c3ae7905adc799e851bc1d7f3be0f3dfbf8df07dc40?s=96&d=mm&r=g","contentUrl":"https:\/\/secure.gravatar.com\/avatar\/f52ae1e8bac79d8f3aeb6c3ae7905adc799e851bc1d7f3be0f3dfbf8df07dc40?s=96&d=mm&r=g","caption":"Alexandre"},"url":"https:\/\/kantajaunari.eus\/fr\/author\/alexandre\/"}]}},"author_meta":{"display_name":"Alexandre","author_link":"https:\/\/kantajaunari.eus\/fr\/author\/alexandre\/"},"featured_img":"https:\/\/kantajaunari.eus\/wp-content\/uploads\/2025\/07\/PHOTO-2025-07-15-02-11-30-6-300x225.jpg","coauthors":[],"tax_additional":{"categories":{"linked":["<a href=\"https:\/\/kantajaunari.eus\/categorie\/a-la-une\/\" class=\"advgb-post-tax-term\">Berriak<\/a>","<a href=\"https:\/\/kantajaunari.eus\/fr\/category\/general-fr\/\" class=\"advgb-post-tax-term\">G\u00e9n\u00e9ral<\/a>"],"unlinked":["<span class=\"advgb-post-tax-term\">Berriak<\/span>","<span class=\"advgb-post-tax-term\">G\u00e9n\u00e9ral<\/span>"]}},"comment_count":0,"relative_dates":{"created":"Publi\u00e9 10 mois il y a","modified":"Mis \u00e0 jour 10 mois il y a"},"absolute_dates":{"created":"Publi\u00e9 le 15 juillet 2025","modified":"Mise \u00e0 jour le 19 juillet 2025"},"absolute_dates_time":{"created":"Publi\u00e9 le 15 juillet 2025 16h24","modified":"Mise \u00e0 jour le 19 juillet 2025 18h16"},"featured_img_caption":"","series_order":"","_links":{"self":[{"href":"https:\/\/kantajaunari.eus\/fr\/wp-json\/wp\/v2\/posts\/34223","targetHints":{"allow":["GET"]}}],"collection":[{"href":"https:\/\/kantajaunari.eus\/fr\/wp-json\/wp\/v2\/posts"}],"about":[{"href":"https:\/\/kantajaunari.eus\/fr\/wp-json\/wp\/v2\/types\/post"}],"author":[{"embeddable":true,"href":"https:\/\/kantajaunari.eus\/fr\/wp-json\/wp\/v2\/users\/2"}],"replies":[{"embeddable":true,"href":"https:\/\/kantajaunari.eus\/fr\/wp-json\/wp\/v2\/comments?post=34223"}],"version-history":[{"count":7,"href":"https:\/\/kantajaunari.eus\/fr\/wp-json\/wp\/v2\/posts\/34223\/revisions"}],"predecessor-version":[{"id":34248,"href":"https:\/\/kantajaunari.eus\/fr\/wp-json\/wp\/v2\/posts\/34223\/revisions\/34248"}],"wp:featuredmedia":[{"embeddable":true,"href":"https:\/\/kantajaunari.eus\/fr\/wp-json\/wp\/v2\/media\/34172"}],"wp:attachment":[{"href":"https:\/\/kantajaunari.eus\/fr\/wp-json\/wp\/v2\/media?parent=34223"}],"wp:term":[{"taxonomy":"category","embeddable":true,"href":"https:\/\/kantajaunari.eus\/fr\/wp-json\/wp\/v2\/categories?post=34223"},{"taxonomy":"post_tag","embeddable":true,"href":"https:\/\/kantajaunari.eus\/fr\/wp-json\/wp\/v2\/tags?post=34223"}],"curies":[{"name":"wp","href":"https:\/\/api.w.org\/{rel}","templated":true}]}}